{"id":221638,"date":"2025-06-16T13:11:37","date_gmt":"2025-06-16T20:11:37","guid":{"rendered":"https:\/\/rnoticias.com.mx\/Portal\/?p=221638"},"modified":"2025-06-16T13:11:37","modified_gmt":"2025-06-16T20:11:37","slug":"localizan-sin-vida-al-juez-everardo-maya-arias-en-edomex","status":"publish","type":"post","link":"https:\/\/rnoticias.com.mx\/Portal\/2025\/06\/16\/localizan-sin-vida-al-juez-everardo-maya-arias-en-edomex\/","title":{"rendered":"Localizan sin vida al juez Everardo Maya Arias en Edomex"},"content":{"rendered":"<div>\n<p>El exjuez federal Everardo Maya Arias, conocido por su participaci\u00f3n en casos de alto perfil como la desaparici\u00f3n de los 43 normalistas de Ayotzinapa y una suspensi\u00f3n a favor de Ovidio Guzm\u00e1n L\u00f3pez, fue hallado sin vida la ma\u00f1ana de este domingo en el municipio de Zinacantepec, al poniente del Valle de Toluca.<\/p>\n<\/div>\n<div>\n<p>El cuerpo del juez, quien hasta hace unos d\u00edas se desempe\u00f1aba como titular del Juzgado Tercero de Distrito en Materia de Amparo con sede en el Estado de M\u00e9xico, fue localizado al interior de una camioneta blanca de la marca Volkswagen, con placas NE9087C, estacionada sobre un camino de terracer\u00eda a un costado del pante\u00f3n de la comunidad de Santa Cruz Cuauhtenco.<\/p>\n<div>\n<p>De acuerdo con reportes preliminares, el cuerpo presentaba un impacto de arma de fuego en la cabeza y a su lado se encontr\u00f3 una pistola, por lo que la Fiscal\u00eda General de Justicia del Estado de M\u00e9xico inici\u00f3 una carpeta de investigaci\u00f3n para esclarecer las circunstancias de su muerte, sin descartar ninguna l\u00ednea.<\/p>\n<\/div>\n<div>\n<p>El hallazgo fue reportado por habitantes de la zona alrededor de las ocho de la ma\u00f1ana, cuando notaron un veh\u00edculo sospechoso estacionado desde horas antes cerca del camposanto. Al acercarse, detectaron que en el interior se encontraba un hombre inm\u00f3vil con visibles manchas hem\u00e1ticas, por lo que dieron aviso a las autoridades locales.<\/p>\n<\/div>\n<div>\n<p>Peritos de la Fiscal\u00eda estatal realizaron las diligencias en el lugar de los hechos, donde acordonaron la zona durante varias horas. El cuerpo fue trasladado al Servicio M\u00e9dico Forense para realizar la necropsia de ley.<\/p>\n<\/div>\n<\/div>\n","protected":false},"excerpt":{"rendered":"<p>El exjuez federal Everardo Maya Arias, conocido por su participaci\u00f3n en casos de alto perfil como la desaparici\u00f3n de los 43 normalistas de Ayotzinapa y una suspensi\u00f3n a favor de Ovidio Guzm\u00e1n L\u00f3pez, fue hallado sin vida la ma\u00f1ana de este domingo en el municipio de Zinacantepec, al poniente del Valle de Toluca. El cuerpo [&hellip;]<\/p>\n","protected":false},"author":2,"featured_media":221639,"comment_status":"closed","ping_status":"closed","sticky":false,"template":"","format":"standard","meta":{"footnotes":""},"categories":[12870,172],"tags":[12865,12874],"class_list":["post-221638","post","type-post","status-publish","format-standard","has-post-thumbnail","hentry","category-destacadas","category-nacional","tag-destacadas","tag-nacional"],"jetpack_featured_media_url":"https:\/\/rnoticias.com.mx\/Portal\/wp-content\/uploads\/2025\/06\/picsart25-06-1607-12-06-149-122f2789-focus-0-0-1479-828.webp","amp_enabled":true,"_links":{"self":[{"href":"https:\/\/rnoticias.com.mx\/Portal\/wp-json\/wp\/v2\/posts\/221638","targetHints":{"allow":["GET"]}}],"collection":[{"href":"https:\/\/rnoticias.com.mx\/Portal\/wp-json\/wp\/v2\/posts"}],"about":[{"href":"https:\/\/rnoticias.com.mx\/Portal\/wp-json\/wp\/v2\/types\/post"}],"author":[{"embeddable":true,"href":"https:\/\/rnoticias.com.mx\/Portal\/wp-json\/wp\/v2\/users\/2"}],"replies":[{"embeddable":true,"href":"https:\/\/rnoticias.com.mx\/Portal\/wp-json\/wp\/v2\/comments?post=221638"}],"version-history":[{"count":1,"href":"https:\/\/rnoticias.com.mx\/Portal\/wp-json\/wp\/v2\/posts\/221638\/revisions"}],"predecessor-version":[{"id":221640,"href":"https:\/\/rnoticias.com.mx\/Portal\/wp-json\/wp\/v2\/posts\/221638\/revisions\/221640"}],"wp:featuredmedia":[{"embeddable":true,"href":"https:\/\/rnoticias.com.mx\/Portal\/wp-json\/wp\/v2\/media\/221639"}],"wp:attachment":[{"href":"https:\/\/rnoticias.com.mx\/Portal\/wp-json\/wp\/v2\/media?parent=221638"}],"wp:term":[{"taxonomy":"category","embeddable":true,"href":"https:\/\/rnoticias.com.mx\/Portal\/wp-json\/wp\/v2\/categories?post=221638"},{"taxonomy":"post_tag","embeddable":true,"href":"https:\/\/rnoticias.com.mx\/Portal\/wp-json\/wp\/v2\/tags?post=221638"}],"curies":[{"name":"wp","href":"https:\/\/api.w.org\/{rel}","templated":true}]}}