{"id":221635,"date":"2025-06-16T13:10:27","date_gmt":"2025-06-16T20:10:27","guid":{"rendered":"https:\/\/rnoticias.com.mx\/Portal\/?p=221635"},"modified":"2025-06-16T13:10:27","modified_gmt":"2025-06-16T20:10:27","slug":"optimismo-de-eu-tras-dialogo-con-sheinbaum-sobre-seguridad-landau-anticipa-cooperacion-historica","status":"publish","type":"post","link":"https:\/\/rnoticias.com.mx\/Portal\/2025\/06\/16\/optimismo-de-eu-tras-dialogo-con-sheinbaum-sobre-seguridad-landau-anticipa-cooperacion-historica\/","title":{"rendered":"Optimismo de EU tras di\u00e1logo con Sheinbaum sobre seguridad: Landau anticipa cooperaci\u00f3n hist\u00f3rica"},"content":{"rendered":"<p>El subsecretario de Estado de Estados Unidos, Christopher Landau, expres\u00f3 este lunes \u00abbastante optimismo\u00bb tras su reuni\u00f3n con la presidenta de M\u00e9xico, Claudia Sheinbaum, la semana pasada, adem\u00e1s de anticipar \u00abmayor cooperaci\u00f3n que nunca\u00bb en seguridad.<\/p>\n<div class=\"jeg_ad jeg_ad_article jnews_content_inline_ads  \"><\/div>\n<p>\u00abPlaticamos (hablamos) sobre esos temas de seguridad y yo creo que va a haber mayor cooperaci\u00f3n ahora, yo creo mayor quiz\u00e1s que nunca. Yo sal\u00ed bastante optimista de las reuniones y yo creo que hay voluntad en ambos lados de la frontera para enfrentar de manera conjunta esos retos\u00bb, expres\u00f3 en una conferencia virtual.<\/p>\n<p>Landau reiter\u00f3 que su encuentro con Sheinbaum el mi\u00e9rcoles pasado en la capital mexicana fue para preparar la pr\u00f3xima visita, a\u00fan sin fecha, del secretario de Estado, Marco Rubio.<\/p>\n<p>El diplom\u00e1tico, quien fue embajador de Estados Unidos en M\u00e9xico de 2019 a 2021 durante la primera presidencia de Donald Trump, se\u00f1al\u00f3 que con el Gobierno de Sheinbaum hay cooperaci\u00f3n \u00aben una gran variedad de temas\u00bb, incluyendo el combate contra el crimen organizado, que \u00abrealmente fue el enfoque\u00bb de la charla.<\/p>\n<p>\u00abEn ese aspecto tuvimos unas reuniones muy exitosas. Al fin y al cabo, yo creo que la idea es que tengamos cuatro o cinco secretarios nuestros que van a visitar la Ciudad de M\u00e9xico en el futuro muy pr\u00f3ximo, sobre todo para hablar, ojal\u00e1 firmar, algunos acuerdos en temas de seguridad\u00bb, explic\u00f3.<\/p>\n<p>El encuentro de Landau con Sheinbaum ocurri\u00f3 entre la tensi\u00f3n bilateral ocasionada por las redadas migratorias en Los \u00c1ngeles, pues un d\u00eda antes de la reuni\u00f3n la secretaria de Seguridad Nacional de EE.UU., Kristi Noem, acus\u00f3 a la mandataria mexicana de incitar a protestas violentas en California.<\/p>\n<p>La presidenta neg\u00f3 esa acusaci\u00f3n, pero el jueves declar\u00f3 que le expuso a Landau que \u00abno estaba de acuerdo en que se utilizaran las redadas para detener a personas que trabajan honestamente en los Estados Unidos\u00bb porque \u00abeso iba a da\u00f1ar no solamente a las personas, sino a la propia econom\u00eda de los Estados Unidos\u00bb.<\/p>\n<p>Sin referirse a estos hechos, Landau asegur\u00f3 que tuvo una conversaci\u00f3n de \u00abrespeto mutuo\u00bb, adem\u00e1s de resaltar que tiene una \u00abmuy buena relaci\u00f3n\u00bb con Sheinbaum desde que ella era jefa de Gobierno de Ciudad de M\u00e9xico (2018-2023).<\/p>\n<p>\u00abObviamente temas de migraci\u00f3n siguen siendo relevantes, aunque los n\u00fameros de migraci\u00f3n han bajado, se han desplomado de una manera dram\u00e1tica desde la llegada del presidente Trump a la Casa Blanca. As\u00ed que eso es un \u00e9xito, a\u00fan tenemos algunos retos\u00bb, mencion\u00f3 Landau.<\/p>\n<p>Sheinbaum se reunir\u00e1 este martes por primera vez con Trump en la cumbre del G7 en Canad\u00e1, donde ha dicho que \u00abdefender\u00e1 dignamente\u00bb a los mexicanos en ambos lados de la frontera, en medio de las tensiones migratorias y comerciales.<\/p>\n","protected":false},"excerpt":{"rendered":"<p>El subsecretario de Estado de Estados Unidos, Christopher Landau, expres\u00f3 este lunes \u00abbastante optimismo\u00bb tras su reuni\u00f3n con la presidenta de M\u00e9xico, Claudia Sheinbaum, la semana pasada, adem\u00e1s de anticipar \u00abmayor cooperaci\u00f3n que nunca\u00bb en seguridad. \u00abPlaticamos (hablamos) sobre esos temas de seguridad y yo creo que va a haber mayor cooperaci\u00f3n ahora, yo creo [&hellip;]<\/p>\n","protected":false},"author":2,"featured_media":221636,"comment_status":"closed","ping_status":"closed","sticky":false,"template":"","format":"standard","meta":{"footnotes":""},"categories":[12870,172],"tags":[12865,12874],"class_list":["post-221635","post","type-post","status-publish","format-standard","has-post-thumbnail","hentry","category-destacadas","category-nacional","tag-destacadas","tag-nacional"],"jetpack_featured_media_url":"https:\/\/rnoticias.com.mx\/Portal\/wp-content\/uploads\/2025\/06\/IMG_6945.jpeg","amp_enabled":true,"_links":{"self":[{"href":"https:\/\/rnoticias.com.mx\/Portal\/wp-json\/wp\/v2\/posts\/221635","targetHints":{"allow":["GET"]}}],"collection":[{"href":"https:\/\/rnoticias.com.mx\/Portal\/wp-json\/wp\/v2\/posts"}],"about":[{"href":"https:\/\/rnoticias.com.mx\/Portal\/wp-json\/wp\/v2\/types\/post"}],"author":[{"embeddable":true,"href":"https:\/\/rnoticias.com.mx\/Portal\/wp-json\/wp\/v2\/users\/2"}],"replies":[{"embeddable":true,"href":"https:\/\/rnoticias.com.mx\/Portal\/wp-json\/wp\/v2\/comments?post=221635"}],"version-history":[{"count":1,"href":"https:\/\/rnoticias.com.mx\/Portal\/wp-json\/wp\/v2\/posts\/221635\/revisions"}],"predecessor-version":[{"id":221637,"href":"https:\/\/rnoticias.com.mx\/Portal\/wp-json\/wp\/v2\/posts\/221635\/revisions\/221637"}],"wp:featuredmedia":[{"embeddable":true,"href":"https:\/\/rnoticias.com.mx\/Portal\/wp-json\/wp\/v2\/media\/221636"}],"wp:attachment":[{"href":"https:\/\/rnoticias.com.mx\/Portal\/wp-json\/wp\/v2\/media?parent=221635"}],"wp:term":[{"taxonomy":"category","embeddable":true,"href":"https:\/\/rnoticias.com.mx\/Portal\/wp-json\/wp\/v2\/categories?post=221635"},{"taxonomy":"post_tag","embeddable":true,"href":"https:\/\/rnoticias.com.mx\/Portal\/wp-json\/wp\/v2\/tags?post=221635"}],"curies":[{"name":"wp","href":"https:\/\/api.w.org\/{rel}","templated":true}]}}