{"id":221632,"date":"2025-06-16T11:38:37","date_gmt":"2025-06-16T18:38:37","guid":{"rendered":"https:\/\/rnoticias.com.mx\/Portal\/?p=221632"},"modified":"2025-06-16T11:38:37","modified_gmt":"2025-06-16T18:38:37","slug":"muerte-de-lider-supremo-irani-pondria-fin-al-conflicto-netanyahu","status":"publish","type":"post","link":"https:\/\/rnoticias.com.mx\/Portal\/2025\/06\/16\/muerte-de-lider-supremo-irani-pondria-fin-al-conflicto-netanyahu\/","title":{"rendered":"Muerte de l\u00edder supremo iran\u00ed pondr\u00eda fin al conflicto: Netanyahu"},"content":{"rendered":"<p>El Universal<\/p>\n<p>&nbsp;<\/p>\n<p>El primer ministro israel\u00ed, Benjamin Netanyahu, no descart\u00f3 atacar al l\u00edder supremo iran\u00ed, Ali Khamenei, al se\u00f1alar que eso\u00a0<strong><em>\u201cpondr\u00eda fin al conflicto\u201d.<\/em><\/strong><\/p>\n<p><strong><em>\u201cNo voy a entrar en detalles, pero hemos apuntado a sus principales cient\u00edficos nucleares\u201d,\u00a0<\/em><\/strong>indic\u00f3 el primer ministro en entrevista con ABC News sobre la actual ofensiva contra Ir\u00e1n.\u00a0<strong><em>\u201cEs b\u00e1sicamente el equipo nuclear de Hitler\u201d.<\/em><\/strong><\/p>\n<p>Cuestionado sobre versiones de que el presidente estadounidense, Donald Trump, rechaz\u00f3 un plan israel\u00ed para matar a Khamenei, por temor a que escalara el conflicto, Netanyahu dijo:\u00a0<em><strong>\u201cNo va a escalar el conflicto, va a acabar con \u00e9l\u201d<\/strong><\/em>. Cuando se le pregunt\u00f3 si en verdad consideraba asesinar al l\u00edder supremo iran\u00ed, el primer ministro respondi\u00f3:\u00a0<em><strong>\u201cMire, estamos haciendo lo que tenemos que hacer\u201d.<\/strong><\/em><\/p>\n<div id=\"eldia-2241930330\" class=\"eldia-contenido eldia-target\" data-eldia-trackid=\"1573641\" data-eldia-trackbid=\"1\"><\/div>\n<div id=\"eldia-2077619202\" class=\"eldia-contenido-2 eldia-target\" data-eldia-trackid=\"1765657\" data-eldia-trackbid=\"1\"><\/div>\n<p><em><strong>\u201cLlevamos medio siglo de conflictos sembrados por este r\u00e9gimen que aterroriza a todo el mundo en Medio Oriente; ha bombardeado los campos petrol\u00edferos de Aramco en Arabia Saudita; est\u00e1 sembrando el terrorismo y la subversi\u00f3n y el sabotaje por todas partes\u201d<\/strong><\/em>, explic\u00f3 Netanyahu.\u00a0<strong><em>\u201cLa \u2018guerra eterna\u2019 es lo que quiere Ir\u00e1n, y nos est\u00e1n llevando al borde de una guerra nuclear. De hecho, lo que Israel est\u00e1 haciendo es impedirlo, poner fin a esta agresi\u00f3n, y solo podemos hacerlo plantando cara a las fuerzas del mal.\u201d<\/em><\/strong><\/p>\n<p>El primer ministro israel\u00ed dijo que no cree que Ir\u00e1n hable en serio cuando dice que busca poner fin a los combates y volver a las conversaciones nucleares.<\/p>\n<p><strong><em>\u201cQuieren seguir manteniendo estas conversaciones falsas en las que mienten, enga\u00f1an y dan largas a Estados Unidos\u201d,<\/em><\/strong>\u00a0asegur\u00f3.<strong><em> \u201cY, ya saben, tenemos informaci\u00f3n muy s\u00f3lida al respecto\u201d.<\/em><\/strong><\/p>\n<p>De acuerdo con el gobierno de Israel, la decisi\u00f3n de atacar Ir\u00e1n, desde el viernes pasado, se tom\u00f3 con base en informaci\u00f3n de inteligencia, seg\u00fan la cual Teher\u00e1n est\u00e1 a meses de tener suficiente uranio enriquecido para producir nueve bombas nucleares.<\/p>\n<p>El ministro israel\u00ed de Defensa, Israel Katz, asegur\u00f3 que su pa\u00eds atacar\u00e1\u00a0<strong><em>\u201cal dictador iran\u00ed en todas partes\u201d,\u00a0<\/em><\/strong>all\u00e1 donde se encuentre.<\/p>\n","protected":false},"excerpt":{"rendered":"<p>El Universal &nbsp; El primer ministro israel\u00ed, Benjamin Netanyahu, no descart\u00f3 atacar al l\u00edder supremo iran\u00ed, Ali Khamenei, al se\u00f1alar que eso\u00a0\u201cpondr\u00eda fin al conflicto\u201d. \u201cNo voy a entrar en detalles, pero hemos apuntado a sus principales cient\u00edficos nucleares\u201d,\u00a0indic\u00f3 el primer ministro en entrevista con ABC News sobre la actual ofensiva contra Ir\u00e1n.\u00a0\u201cEs b\u00e1sicamente el [&hellip;]<\/p>\n","protected":false},"author":2,"featured_media":221633,"comment_status":"closed","ping_status":"closed","sticky":false,"template":"","format":"standard","meta":{"footnotes":""},"categories":[12870,182],"tags":[12865,12871],"class_list":["post-221632","post","type-post","status-publish","format-standard","has-post-thumbnail","hentry","category-destacadas","category-internacional","tag-destacadas","tag-internacional"],"jetpack_featured_media_url":"https:\/\/rnoticias.com.mx\/Portal\/wp-content\/uploads\/2025\/06\/fotonoticia_20250501164713_690.jpg","amp_enabled":true,"_links":{"self":[{"href":"https:\/\/rnoticias.com.mx\/Portal\/wp-json\/wp\/v2\/posts\/221632","targetHints":{"allow":["GET"]}}],"collection":[{"href":"https:\/\/rnoticias.com.mx\/Portal\/wp-json\/wp\/v2\/posts"}],"about":[{"href":"https:\/\/rnoticias.com.mx\/Portal\/wp-json\/wp\/v2\/types\/post"}],"author":[{"embeddable":true,"href":"https:\/\/rnoticias.com.mx\/Portal\/wp-json\/wp\/v2\/users\/2"}],"replies":[{"embeddable":true,"href":"https:\/\/rnoticias.com.mx\/Portal\/wp-json\/wp\/v2\/comments?post=221632"}],"version-history":[{"count":1,"href":"https:\/\/rnoticias.com.mx\/Portal\/wp-json\/wp\/v2\/posts\/221632\/revisions"}],"predecessor-version":[{"id":221634,"href":"https:\/\/rnoticias.com.mx\/Portal\/wp-json\/wp\/v2\/posts\/221632\/revisions\/221634"}],"wp:featuredmedia":[{"embeddable":true,"href":"https:\/\/rnoticias.com.mx\/Portal\/wp-json\/wp\/v2\/media\/221633"}],"wp:attachment":[{"href":"https:\/\/rnoticias.com.mx\/Portal\/wp-json\/wp\/v2\/media?parent=221632"}],"wp:term":[{"taxonomy":"category","embeddable":true,"href":"https:\/\/rnoticias.com.mx\/Portal\/wp-json\/wp\/v2\/categories?post=221632"},{"taxonomy":"post_tag","embeddable":true,"href":"https:\/\/rnoticias.com.mx\/Portal\/wp-json\/wp\/v2\/tags?post=221632"}],"curies":[{"name":"wp","href":"https:\/\/api.w.org\/{rel}","templated":true}]}}