{"id":221629,"date":"2025-06-16T11:37:28","date_gmt":"2025-06-16T18:37:28","guid":{"rendered":"https:\/\/rnoticias.com.mx\/Portal\/?p=221629"},"modified":"2025-06-16T11:37:28","modified_gmt":"2025-06-16T18:37:28","slug":"empresarios-piden-equilibrio-para-proteger-empleos-y-fortalecer-a-las-mipymes-fecanaco-canacope","status":"publish","type":"post","link":"https:\/\/rnoticias.com.mx\/Portal\/2025\/06\/16\/empresarios-piden-equilibrio-para-proteger-empleos-y-fortalecer-a-las-mipymes-fecanaco-canacope\/","title":{"rendered":"Empresarios piden equilibrio para proteger empleos y fortalecer a las Mipymes: Fecanaco-Canacope"},"content":{"rendered":"<p>Ante el inminente inicio de los foros de trabajo sobre la reducci\u00f3n de la jornada laboral a realizarse del 19 de junio al 7 de julio, el sector empresarial alza la voz con propuestas concretas para lograr una reforma laboral que beneficie a todos.<\/p>\n<p>&nbsp;<\/p>\n<p>Mart\u00edn Zalazar Zazueta, presidente de Fecanaco en Sonora y de Canacope Hermosillo, se\u00f1al\u00f3 que el proyecto de ley ser\u00e1 presentado el 31 de julio y llegar\u00e1 al Congreso de la Uni\u00f3n el 1 de septiembre, fecha en que inician los trabajos legislativos.<\/p>\n<p>&nbsp;<\/p>\n<p><strong>\u201cLos empresarios no estamos en contra del cambio, pero s\u00ed a favor de que este se construya sobre bases s\u00f3lidas. Somos conscientes de los objetivos de la reforma, pero es fundamental que su implementaci\u00f3n sea equilibrada y viable para quienes sostenemos la mayor parte del empleo en M\u00e9xico: las micro, peque\u00f1as y medianas empresas, muchas de ellas familiares, que representamos m\u00e1s del 90 por ciento y que no queremos resulten afectadas o lleguen a desaparecer\u201d, dijo.<\/strong><\/p>\n<p>&nbsp;<\/p>\n<p>Reiter\u00f3, sobre el llamado que ha hecho el sector empresarial constantemente y en el sentido que se requieren condiciones que hagan posible este cambio sin poner en riesgo la estabilidad econ\u00f3mica de millones de negocios y empleos.<\/p>\n<p>&nbsp;<\/p>\n<p>A\u00f1adi\u00f3, que las principales preocupaciones del gremio empresarial incluyen el aumento en costos operativos, dificultades para cubrir turnos, reducci\u00f3n en la calidad del servicio y un posible crecimiento del empleo informal, afectando tanto a trabajadores como a empleadores.<\/p>\n<p>&nbsp;<\/p>\n<p><strong>\u201cDesde la CONCANACO SERVYTUR, de la cual Fecanaco Sonora forma parte, se han planteado tres ejes clave para una transici\u00f3n efectiva: aplicar la reducci\u00f3n de manera gradual hacia 2030, con criterios claros seg\u00fan sector y tama\u00f1o de empresa; fomentar la formalidad con apoyos fiscales, tecnol\u00f3gicos y financieros; y crear un Observatorio de Transici\u00f3n Laboral para monitorear y ajustar la reforma en tiempo real, con participaci\u00f3n de gobierno, empresarios y trabajadores\u201d, precis\u00f3.<\/strong><\/p>\n<p>&nbsp;<\/p>\n<p>Finalmente, Zalazar Zazueta tambi\u00e9n destac\u00f3 la urgencia de que el gobierno contribuya con incentivos fiscales, como permitir la deducci\u00f3n total de los gastos de n\u00f3mina actualmente limitada del 47 al 53% y otorgar subsidios que ayuden a absorber la nueva carga laboral.<\/p>\n<p>&nbsp;<\/p>\n<p><strong>\u201cNecesitamos un cambio que funcione para todos. Estamos listos para dialogar y construir soluciones reales que impulsen el desarrollo del pa\u00eds sin debilitar a quienes lo sostienen d\u00eda con d\u00eda\u201d, culmin\u00f3.<\/strong><\/p>\n","protected":false},"excerpt":{"rendered":"<p>Ante el inminente inicio de los foros de trabajo sobre la reducci\u00f3n de la jornada laboral a realizarse del 19 de junio al 7 de julio, el sector empresarial alza la voz con propuestas concretas para lograr una reforma laboral que beneficie a todos. &nbsp; Mart\u00edn Zalazar Zazueta, presidente de Fecanaco en Sonora y de [&hellip;]<\/p>\n","protected":false},"author":2,"featured_media":221630,"comment_status":"closed","ping_status":"closed","sticky":false,"template":"","format":"standard","meta":{"footnotes":""},"categories":[12870,178],"tags":[12865,12869],"class_list":["post-221629","post","type-post","status-publish","format-standard","has-post-thumbnail","hentry","category-destacadas","category-local","tag-destacadas","tag-local"],"jetpack_featured_media_url":"https:\/\/rnoticias.com.mx\/Portal\/wp-content\/uploads\/2025\/06\/d7bff0ee-b2e4-4195-a917-94b31d188a69.jpg","amp_enabled":true,"_links":{"self":[{"href":"https:\/\/rnoticias.com.mx\/Portal\/wp-json\/wp\/v2\/posts\/221629","targetHints":{"allow":["GET"]}}],"collection":[{"href":"https:\/\/rnoticias.com.mx\/Portal\/wp-json\/wp\/v2\/posts"}],"about":[{"href":"https:\/\/rnoticias.com.mx\/Portal\/wp-json\/wp\/v2\/types\/post"}],"author":[{"embeddable":true,"href":"https:\/\/rnoticias.com.mx\/Portal\/wp-json\/wp\/v2\/users\/2"}],"replies":[{"embeddable":true,"href":"https:\/\/rnoticias.com.mx\/Portal\/wp-json\/wp\/v2\/comments?post=221629"}],"version-history":[{"count":1,"href":"https:\/\/rnoticias.com.mx\/Portal\/wp-json\/wp\/v2\/posts\/221629\/revisions"}],"predecessor-version":[{"id":221631,"href":"https:\/\/rnoticias.com.mx\/Portal\/wp-json\/wp\/v2\/posts\/221629\/revisions\/221631"}],"wp:featuredmedia":[{"embeddable":true,"href":"https:\/\/rnoticias.com.mx\/Portal\/wp-json\/wp\/v2\/media\/221630"}],"wp:attachment":[{"href":"https:\/\/rnoticias.com.mx\/Portal\/wp-json\/wp\/v2\/media?parent=221629"}],"wp:term":[{"taxonomy":"category","embeddable":true,"href":"https:\/\/rnoticias.com.mx\/Portal\/wp-json\/wp\/v2\/categories?post=221629"},{"taxonomy":"post_tag","embeddable":true,"href":"https:\/\/rnoticias.com.mx\/Portal\/wp-json\/wp\/v2\/tags?post=221629"}],"curies":[{"name":"wp","href":"https:\/\/api.w.org\/{rel}","templated":true}]}}