{"id":221623,"date":"2025-06-16T10:52:11","date_gmt":"2025-06-16T17:52:11","guid":{"rendered":"https:\/\/rnoticias.com.mx\/Portal\/?p=221623"},"modified":"2025-06-16T20:29:56","modified_gmt":"2025-06-17T03:29:56","slug":"toma-de-protesta-del-nuevo-consejo-local-benefactor-del-crit-sonora","status":"publish","type":"post","link":"https:\/\/rnoticias.com.mx\/Portal\/2025\/06\/16\/toma-de-protesta-del-nuevo-consejo-local-benefactor-del-crit-sonora\/","title":{"rendered":"Toma de Protesta del nuevo Consejo Local Benefactor del CRIT Sonora"},"content":{"rendered":"<p>El Centro de Rehabilitaci\u00f3n e Inclusi\u00f3n Infantil Telet\u00f3n (CRIT) Sonora llev\u00f3 a cabo, el d\u00eda 12 de junio de 2025, la Ceremonia de Toma de Protesta del nuevo Consejo Local Benefactor, un acto protocolario que reafirma el compromiso ciudadano con la inclusi\u00f3n y el bienestar de ni\u00f1as, ni\u00f1os y adolescentes con discapacidad.<\/p>\n<p>&nbsp;<\/p>\n<p>Durante la ceremonia, el Ing. Jorge Maz\u00f3n Rubio, presidente saliente del Consejo, dirigi\u00f3 un emotivo mensaje de agradecimiento por su compromiso y dedicaci\u00f3n a esta causa. Acto seguido, la Lic. Lorenia Valles Sampedro, Senadora de la Rep\u00fablica, le entreg\u00f3 un reconocimiento en honor a su destacada labor y entrega, que han sido fundamentales para el fortalecimiento del CRIT Sonora.<\/p>\n<p>&nbsp;<\/p>\n<p>El evento cont\u00f3 con la presencia en el pres\u00eddium de distinguidas autoridades:<\/p>\n<p>&nbsp;<\/p>\n<ul>\n<li><strong>Dr. F\u00e9lix Higuera Romero<\/strong>, en representaci\u00f3n del Gobernador del Estado de Sonora, Dr. Alfonso Durazo Monta\u00f1o<\/li>\n<\/ul>\n<p>&nbsp;<\/p>\n<ul>\n<li><strong>Lic. Lorenia Valles Sampedro<\/strong>, Senadora de la Rep\u00fablica<\/li>\n<\/ul>\n<p>&nbsp;<\/p>\n<ul>\n<li><strong>Lic. Jorge Manuel Alc\u00e1ntara Aguileta<\/strong>, Director General del Sistema Infantil Telet\u00f3n<\/li>\n<\/ul>\n<p>&nbsp;<\/p>\n<ul>\n<li><strong>Ing. Jorge Maz\u00f3n Rubio<\/strong>, presidente saliente del Consejo<\/li>\n<\/ul>\n<p>&nbsp;<\/p>\n<ul>\n<li><strong>Lic. Silvia \u00c1lvarez Amaya<\/strong>, presidenta entrante del Consejo<\/li>\n<\/ul>\n<p>&nbsp;<\/p>\n<ul>\n<li><strong>Lic. Marisol Lomel\u00edn Pacheco<\/strong>, Directora General del CRIT Sonora<\/li>\n<\/ul>\n<p>&nbsp;<\/p>\n<p>El Dr. F\u00e9lix Higuera Romero, en representaci\u00f3n del Gobernador del Estado de Sonora, destac\u00f3 en su mensaje el compromiso del Gobierno del Estado como aliado fundamental del CRIT Sonora, reafirmando su apoyo constante para impulsar y fortalecer la labor de esta instituci\u00f3n en beneficio de las ni\u00f1as, ni\u00f1os y adolescentes con discapacidad.<\/p>\n<p>&nbsp;<\/p>\n<p>El Lic. Jorge Manuel Alc\u00e1ntara Aguileta, Director General del Sistema Infantil Telet\u00f3n, encabez\u00f3 la ceremonia de toma de protesta del nuevo Consejo Local Benefactor del CRIT Sonora, invitando a sus integrantes a asumir con honestidad, entrega y generosidad su compromiso con el bienestar de ni\u00f1as, ni\u00f1os y adolescentes con discapacidad. Asimismo, dirigi\u00f3 un mensaje inspirador que reafirma la importancia de esta labor social.<\/p>\n<p>&nbsp;<\/p>\n<p>El nuevo Consejo Local Benefactor qued\u00f3 integrado por:<\/p>\n<p>&nbsp;<\/p>\n<ul>\n<li>Silvia \u00c1lvarez Amaya<\/li>\n<li>Alejandra Mill\u00e1n L\u00f3pez<\/li>\n<li>Alejandro Acosta Borb\u00f3n<\/li>\n<li>Ariel Zepeda Amaya<\/li>\n<li>Bibiana Arely Garc\u00eda Rivera<\/li>\n<li>Eduardo Almada Soto<\/li>\n<li>Emmanuel L\u00f3pez Ca\u00f1izales<\/li>\n<li>Francisca Elena Ch\u00e1vez S\u00e1nchez<\/li>\n<li>Francisco Escalante Plouin<\/li>\n<li>Jes\u00fas Rub\u00e9n Salazar Rebolloso<\/li>\n<li>Jos\u00e9 Antonio de la Llata Quibriera<\/li>\n<li>Juan Pablo Camou Le\u00f3n<\/li>\n<li>Karina Janette Bujanda Garc\u00eda<\/li>\n<li>Karina Vildosola Palacios<\/li>\n<li>Leticia Ramos Arreguin<\/li>\n<li>Lucia Guadalupe Canseco Campoy<\/li>\n<li>Maria Elena Gallego<\/li>\n<li>Miroslava Serrano Coronel<\/li>\n<li>Oliver Stewart Vivian<\/li>\n<li>Ricardo Barr\u00f3n Morales<\/li>\n<li>Saturnino Campoy Ramos<\/li>\n<\/ul>\n<p>&nbsp;<\/p>\n<p>La Lic. Silvia \u00c1lvarez Amaya, presidenta entrante del Consejo Local Benefactor del CRIT Sonora, agradeci\u00f3 la confianza depositada en el nuevo consejo y reafirm\u00f3 su compromiso para fortalecer y ampliar el impacto del CRIT en Sonora. Adem\u00e1s, reconoci\u00f3 el valioso trabajo del equipo del centro, destacando la dedicaci\u00f3n y compromiso de m\u00e9dicos, terapeutas, personal operativo, administrativo y voluntarios, quienes hacen posible la transformaci\u00f3n de vidas.<\/p>\n<p>&nbsp;<\/p>\n<p>En sus palabras, enfatiz\u00f3 la importancia del trabajo en comunidad y la solidaridad, destacando que <strong>\u201cAqu\u00ed se rehabilitan cuerpos, pero tambi\u00e9n se reconstruyen sue\u00f1os.\u201d<\/strong> Con esta frase, subray\u00f3 que el CRIT no solo ofrece terapias, sino que tambi\u00e9n brinda esperanza y nuevas oportunidades a ni\u00f1as, ni\u00f1os y j\u00f3venes con discapacidad.<\/p>\n<p>&nbsp;<\/p>\n<p>El Consejo Local Benefactor es un \u00f3rgano voluntario de participaci\u00f3n ciudadana que respalda el trabajo del CRIT Sonora a trav\u00e9s de estrategias de vinculaci\u00f3n, recaudaci\u00f3n y promoci\u00f3n de su impacto social. Sus integrantes no forman parte de la operaci\u00f3n cl\u00ednica o administrativa, sino que act\u00faan como aliados estrat\u00e9gicos desde sus distintos \u00e1mbitos de influencia.<\/p>\n<p><strong>\u00a0<\/strong><\/p>\n<p><strong>Antecedentes.<\/strong><\/p>\n<p>El Consejo Local Benefactor del CRIT Sonora fue creado en octubre de 2020 con el prop\u00f3sito de reunir a personas comprometidas con la inclusi\u00f3n y el bienestar de ni\u00f1as, ni\u00f1os y adolescentes con discapacidad motriz. Desde su creaci\u00f3n, el Ing. Jorge Maz\u00f3n Rubio presidi\u00f3 el consejo hasta mayo de 2025, impulsando acciones clave para fortalecer la recaudaci\u00f3n de fondos, la promoci\u00f3n social y las alianzas estrat\u00e9gicas. En mayo de 2025, la Lic. Silvia \u00c1lvarez Amaya lo releva, asumiendo el compromiso de continuar consolidando y ampliando el impacto del CRIT Sonora en la regi\u00f3n.<\/p>\n","protected":false},"excerpt":{"rendered":"<p>El Centro de Rehabilitaci\u00f3n e Inclusi\u00f3n Infantil Telet\u00f3n (CRIT) Sonora llev\u00f3 a cabo, el d\u00eda 12 de junio de 2025, la Ceremonia de Toma de Protesta del nuevo Consejo Local Benefactor, un acto protocolario que reafirma el compromiso ciudadano con la inclusi\u00f3n y el bienestar de ni\u00f1as, ni\u00f1os y adolescentes con discapacidad. &nbsp; Durante la [&hellip;]<\/p>\n","protected":false},"author":2,"featured_media":221710,"comment_status":"closed","ping_status":"closed","sticky":false,"template":"","format":"standard","meta":{"footnotes":""},"categories":[12870,178],"tags":[12865,12869],"class_list":["post-221623","post","type-post","status-publish","format-standard","has-post-thumbnail","hentry","category-destacadas","category-local","tag-destacadas","tag-local"],"jetpack_featured_media_url":"https:\/\/rnoticias.com.mx\/Portal\/wp-content\/uploads\/2025\/06\/WhatsApp-Image-2025-06-15-at-9.43.35-PM.jpeg","amp_enabled":true,"_links":{"self":[{"href":"https:\/\/rnoticias.com.mx\/Portal\/wp-json\/wp\/v2\/posts\/221623","targetHints":{"allow":["GET"]}}],"collection":[{"href":"https:\/\/rnoticias.com.mx\/Portal\/wp-json\/wp\/v2\/posts"}],"about":[{"href":"https:\/\/rnoticias.com.mx\/Portal\/wp-json\/wp\/v2\/types\/post"}],"author":[{"embeddable":true,"href":"https:\/\/rnoticias.com.mx\/Portal\/wp-json\/wp\/v2\/users\/2"}],"replies":[{"embeddable":true,"href":"https:\/\/rnoticias.com.mx\/Portal\/wp-json\/wp\/v2\/comments?post=221623"}],"version-history":[{"count":3,"href":"https:\/\/rnoticias.com.mx\/Portal\/wp-json\/wp\/v2\/posts\/221623\/revisions"}],"predecessor-version":[{"id":221712,"href":"https:\/\/rnoticias.com.mx\/Portal\/wp-json\/wp\/v2\/posts\/221623\/revisions\/221712"}],"wp:featuredmedia":[{"embeddable":true,"href":"https:\/\/rnoticias.com.mx\/Portal\/wp-json\/wp\/v2\/media\/221710"}],"wp:attachment":[{"href":"https:\/\/rnoticias.com.mx\/Portal\/wp-json\/wp\/v2\/media?parent=221623"}],"wp:term":[{"taxonomy":"category","embeddable":true,"href":"https:\/\/rnoticias.com.mx\/Portal\/wp-json\/wp\/v2\/categories?post=221623"},{"taxonomy":"post_tag","embeddable":true,"href":"https:\/\/rnoticias.com.mx\/Portal\/wp-json\/wp\/v2\/tags?post=221623"}],"curies":[{"name":"wp","href":"https:\/\/api.w.org\/{rel}","templated":true}]}}