{"id":221611,"date":"2025-06-16T09:21:36","date_gmt":"2025-06-16T16:21:36","guid":{"rendered":"https:\/\/rnoticias.com.mx\/Portal\/?p=221611"},"modified":"2025-06-16T09:21:36","modified_gmt":"2025-06-16T16:21:36","slug":"analizara-iee-sonora-requisitos-de-elegibilidad-para-emitir-declaratoria-de-validez-de-la-eleccion-de-magistraturas-juezas-y-jueces","status":"publish","type":"post","link":"https:\/\/rnoticias.com.mx\/Portal\/2025\/06\/16\/analizara-iee-sonora-requisitos-de-elegibilidad-para-emitir-declaratoria-de-validez-de-la-eleccion-de-magistraturas-juezas-y-jueces\/","title":{"rendered":"Analizar\u00e1 IEE Sonora requisitos de elegibilidad para emitir declaratoria de validez de la elecci\u00f3n de Magistraturas, juezas y jueces"},"content":{"rendered":"<p style=\"font-weight: 400;\">Los puntos del orden del d\u00eda, relativos a la declaratoria de validez de la elecci\u00f3n de 50 cargos de personas juzgadoras, fueron retirados de la sesi\u00f3n extraordinaria de Consejo General convocada para este d\u00eda, en atenci\u00f3n al art\u00edculo 14 del reglamento de sesiones del Instituto Estatal Electoral y de Participaci\u00f3n Ciudadana (IEE Sonora).<\/p>\n<p style=\"font-weight: 400;\">\n<p style=\"font-weight: 400;\">La solicitud fue\u00a0 planteada por el consejero presidente, Nery Ruiz Arvizu, a petici\u00f3n de las y los consejeros electorales, presentes en la sesi\u00f3n, los acuerdos se pondr\u00e1n a consideraci\u00f3n en un lapso de cuatro d\u00edas.<\/p>\n<p style=\"font-weight: 400;\">\n<p style=\"font-weight: 400;\">Ruiz Arvizu mencion\u00f3 en la sesi\u00f3n que se realizar\u00e1 un an\u00e1lisis m\u00e1s minucioso de los requisitos de elegibilidad, as\u00ed como la actualizaci\u00f3n de la informaci\u00f3n respecto del cumplimiento de la 3 de 3 contra la violencia de g\u00e9nero de las 50 candidaturas.<\/p>\n<p style=\"font-weight: 400;\">\n<p style=\"font-weight: 400;\">Destac\u00f3 que dichos datos, se solicitan v\u00eda oficio al Supremo Tribunal de Justicia del estado de Sonora; Tribunal Estatal Electoral; Tribunal de Justicia Administrativa; Fiscal\u00eda Especializada en materia de Delitos Electorales y Registro Civil.<\/p>\n<p style=\"font-weight: 400;\">\n<p style=\"font-weight: 400;\">En el marco del Proceso Electoral Extraordinario del Poder Judicial Local 2025, este Instituto sign\u00f3 convenios de colaboraci\u00f3n con estas instancias, por lo que se pedir\u00e1 actualizar la informaci\u00f3n.<\/p>\n<p style=\"font-weight: 400;\">\n<p style=\"font-weight: 400;\">En la sesi\u00f3n estuvieron presentes el consejero presidente Nery Ruiz Arvizu, las consejeras electorales Alma Lorena Alonso Valdivia, Linda Viridiana Calder\u00f3n Monta\u00f1o y Flor Terecita Barcel\u00f3 Noriega, as\u00ed como los consejeros Benjam\u00edn Hern\u00e1ndez Avalos, Wilfredo Rom\u00e1n Morales Silva y Jaime Olea Miranda; adem\u00e1s, el secretario ejecutivo, Fernando Chapetti Siordia.<\/p>\n","protected":false},"excerpt":{"rendered":"<p>Los puntos del orden del d\u00eda, relativos a la declaratoria de validez de la elecci\u00f3n de 50 cargos de personas juzgadoras, fueron retirados de la sesi\u00f3n extraordinaria de Consejo General convocada para este d\u00eda, en atenci\u00f3n al art\u00edculo 14 del reglamento de sesiones del Instituto Estatal Electoral y de Participaci\u00f3n Ciudadana (IEE Sonora). La solicitud [&hellip;]<\/p>\n","protected":false},"author":2,"featured_media":221612,"comment_status":"closed","ping_status":"closed","sticky":false,"template":"","format":"standard","meta":{"footnotes":""},"categories":[12870,12868],"tags":[12865,12879],"class_list":["post-221611","post","type-post","status-publish","format-standard","has-post-thumbnail","hentry","category-destacadas","category-politica","tag-destacadas","tag-politica"],"jetpack_featured_media_url":"https:\/\/rnoticias.com.mx\/Portal\/wp-content\/uploads\/2025\/06\/Sesion-13-de-junio.jpeg","amp_enabled":true,"_links":{"self":[{"href":"https:\/\/rnoticias.com.mx\/Portal\/wp-json\/wp\/v2\/posts\/221611","targetHints":{"allow":["GET"]}}],"collection":[{"href":"https:\/\/rnoticias.com.mx\/Portal\/wp-json\/wp\/v2\/posts"}],"about":[{"href":"https:\/\/rnoticias.com.mx\/Portal\/wp-json\/wp\/v2\/types\/post"}],"author":[{"embeddable":true,"href":"https:\/\/rnoticias.com.mx\/Portal\/wp-json\/wp\/v2\/users\/2"}],"replies":[{"embeddable":true,"href":"https:\/\/rnoticias.com.mx\/Portal\/wp-json\/wp\/v2\/comments?post=221611"}],"version-history":[{"count":1,"href":"https:\/\/rnoticias.com.mx\/Portal\/wp-json\/wp\/v2\/posts\/221611\/revisions"}],"predecessor-version":[{"id":221613,"href":"https:\/\/rnoticias.com.mx\/Portal\/wp-json\/wp\/v2\/posts\/221611\/revisions\/221613"}],"wp:featuredmedia":[{"embeddable":true,"href":"https:\/\/rnoticias.com.mx\/Portal\/wp-json\/wp\/v2\/media\/221612"}],"wp:attachment":[{"href":"https:\/\/rnoticias.com.mx\/Portal\/wp-json\/wp\/v2\/media?parent=221611"}],"wp:term":[{"taxonomy":"category","embeddable":true,"href":"https:\/\/rnoticias.com.mx\/Portal\/wp-json\/wp\/v2\/categories?post=221611"},{"taxonomy":"post_tag","embeddable":true,"href":"https:\/\/rnoticias.com.mx\/Portal\/wp-json\/wp\/v2\/tags?post=221611"}],"curies":[{"name":"wp","href":"https:\/\/api.w.org\/{rel}","templated":true}]}}