{"id":221608,"date":"2025-06-16T09:18:53","date_gmt":"2025-06-16T16:18:53","guid":{"rendered":"https:\/\/rnoticias.com.mx\/Portal\/?p=221608"},"modified":"2025-06-16T09:18:53","modified_gmt":"2025-06-16T16:18:53","slug":"gobernador-durazo-lleva-feria-de-servicios-gratuitos-sonora-atiende-a-colonia-martires-de-cananea","status":"publish","type":"post","link":"https:\/\/rnoticias.com.mx\/Portal\/2025\/06\/16\/gobernador-durazo-lleva-feria-de-servicios-gratuitos-sonora-atiende-a-colonia-martires-de-cananea\/","title":{"rendered":"Gobernador Durazo lleva feria de servicios gratuitos &#8220;Sonora Atiende&#8221; a colonia M\u00e1rtires de Cananea"},"content":{"rendered":"<p>Hermosillo, Sonora; 16 de junio de 2025.- Las y los vecinos de la colonia M\u00e1rtires de Cananea aprovecharon los servicios de salud y expedici\u00f3n de tr\u00e1mites gratuitos que se ofrecieron durante la jornada &#8220;Sonora Atiende&#8221;, impulsada por el gobernador Alfonso Durazo Monta\u00f1o.<\/p>\n<p>En el parque Virreyes, servidores p\u00fablicos de 30 dependencias del gobierno estatal y federal atendieron a las familias que se dieron cita en este punto al norte de la ciudad, como el se\u00f1or Bernardino Urquijo Sierra, qui\u00e9n acudi\u00f3 para adquirir unos lentes.<\/p>\n<p>&#8220;Muy bien que el gobierno est\u00e1 ayudando a toda la gente. Muchas gracias, estamos muy agradecidos todos&#8221;, extern\u00f3.<\/p>\n<p>&nbsp;<\/p>\n<p>&#8220;Vengo a los lentes y mi hija viene a sacar el acta, vinimos a aprovechar todo. Le damos las gracias al gobernador porque muchas veces no tenemos para el cami\u00f3n, y as\u00ed nos ahorramos el viaje, estamos muy agradecidos&#8221;, afirm\u00f3 Margarita Cota Montoya.<\/p>\n<p>&#8220;Al gobernador Durazo le quiero agradecer por estos apoyos que nos brinda y acerca a las colonias. Le pedir\u00eda que no nos deje, que nos siga apoyando y que se extienda a m\u00e1s colonias para que haya m\u00e1s gente que reciba estos apoyos&#8221;, expres\u00f3 Mar\u00eda Lorenia Raya Aldaco.<\/p>\n<p>La se\u00f1or Mar\u00eda Candelaria Ozuna Durazo asisti\u00f3 a la Feria &#8220;Sonora Atiende&#8221; para aprovechar los servicios que acerc\u00f3 el gobierno encabezado por Alfonso Durazo.<\/p>\n<p>&#8220;Yo veo esto muy bien porque muchas veces uno no tiene los medios y qu\u00e9 m\u00e1s que estos servicios, nos van a favorecer mucho, por ejemplo tenemos problemas de actas que no est\u00e1n correctas. Muy buen servicio, yo aqu\u00ed vivo cerquita, y, como yo trabajo y a veces no hay tiempo de andar yendo tan lejos, qu\u00e9 m\u00e1s que este beneficio tan cerquita aqu\u00ed&#8221;, coment\u00f3.<\/p>\n","protected":false},"excerpt":{"rendered":"<p>Hermosillo, Sonora; 16 de junio de 2025.- Las y los vecinos de la colonia M\u00e1rtires de Cananea aprovecharon los servicios de salud y expedici\u00f3n de tr\u00e1mites gratuitos que se ofrecieron durante la jornada &#8220;Sonora Atiende&#8221;, impulsada por el gobernador Alfonso Durazo Monta\u00f1o. En el parque Virreyes, servidores p\u00fablicos de 30 dependencias del gobierno estatal y [&hellip;]<\/p>\n","protected":false},"author":2,"featured_media":221609,"comment_status":"closed","ping_status":"closed","sticky":false,"template":"","format":"standard","meta":{"footnotes":""},"categories":[12870,178],"tags":[12865,12869],"class_list":["post-221608","post","type-post","status-publish","format-standard","has-post-thumbnail","hentry","category-destacadas","category-local","tag-destacadas","tag-local"],"jetpack_featured_media_url":"https:\/\/rnoticias.com.mx\/Portal\/wp-content\/uploads\/2025\/06\/unnamed-1-39.jpg","amp_enabled":true,"_links":{"self":[{"href":"https:\/\/rnoticias.com.mx\/Portal\/wp-json\/wp\/v2\/posts\/221608","targetHints":{"allow":["GET"]}}],"collection":[{"href":"https:\/\/rnoticias.com.mx\/Portal\/wp-json\/wp\/v2\/posts"}],"about":[{"href":"https:\/\/rnoticias.com.mx\/Portal\/wp-json\/wp\/v2\/types\/post"}],"author":[{"embeddable":true,"href":"https:\/\/rnoticias.com.mx\/Portal\/wp-json\/wp\/v2\/users\/2"}],"replies":[{"embeddable":true,"href":"https:\/\/rnoticias.com.mx\/Portal\/wp-json\/wp\/v2\/comments?post=221608"}],"version-history":[{"count":1,"href":"https:\/\/rnoticias.com.mx\/Portal\/wp-json\/wp\/v2\/posts\/221608\/revisions"}],"predecessor-version":[{"id":221610,"href":"https:\/\/rnoticias.com.mx\/Portal\/wp-json\/wp\/v2\/posts\/221608\/revisions\/221610"}],"wp:featuredmedia":[{"embeddable":true,"href":"https:\/\/rnoticias.com.mx\/Portal\/wp-json\/wp\/v2\/media\/221609"}],"wp:attachment":[{"href":"https:\/\/rnoticias.com.mx\/Portal\/wp-json\/wp\/v2\/media?parent=221608"}],"wp:term":[{"taxonomy":"category","embeddable":true,"href":"https:\/\/rnoticias.com.mx\/Portal\/wp-json\/wp\/v2\/categories?post=221608"},{"taxonomy":"post_tag","embeddable":true,"href":"https:\/\/rnoticias.com.mx\/Portal\/wp-json\/wp\/v2\/tags?post=221608"}],"curies":[{"name":"wp","href":"https:\/\/api.w.org\/{rel}","templated":true}]}}