{"id":221602,"date":"2025-06-16T09:16:52","date_gmt":"2025-06-16T16:16:52","guid":{"rendered":"https:\/\/rnoticias.com.mx\/Portal\/?p=221602"},"modified":"2025-06-16T09:16:52","modified_gmt":"2025-06-16T16:16:52","slug":"designan-a-comisario-jefe-y-director-de-la-policia-preventiva-de-hermosillo","status":"publish","type":"post","link":"https:\/\/rnoticias.com.mx\/Portal\/2025\/06\/16\/designan-a-comisario-jefe-y-director-de-la-policia-preventiva-de-hermosillo\/","title":{"rendered":"Designan a Comisario Jefe y Director de la Policia Preventiva de Hermosillo"},"content":{"rendered":"<div dir=\"auto\"><b>Hermosillo, Sonora a 16 de junio del 2025.<\/b>&#8211; Con el objetivo de fortalecer la seguridad y la vigilancia para seguir blindando Hermosillo, el Comisario General gir\u00f3 oficios de comisi\u00f3n al Comisario Jefe y Director de la Policia Preventiva.<\/div>\n<div dir=\"auto\"><\/div>\n<div dir=\"auto\">Jes\u00fas Alonso Dur\u00f3n Monta\u00f1o nombr\u00f3 al Polic\u00eda Primero Luis Fernando Ram\u00edrez Salcido como Comisario Jefe y a Cristian Alberto Estrella Jurado Director de Polic\u00eda Preventiva.<\/div>\n<div dir=\"auto\"><\/div>\n<div dir=\"auto\"><\/div>\n<div dir=\"auto\">Dur\u00f3n Monta\u00f1o hizo hincapi\u00e9 a que todos cuentan con amplia experiencia, liderazgo, as\u00ed como el respaldo \u00e9tico y moral de los integrantes de la corporaci\u00f3n.<\/div>\n<div dir=\"auto\"><\/div>\n<div dir=\"auto\"><\/div>\n<div dir=\"auto\">\u00a0&#8220;Estos nombramientos refuerzan el compromiso de la administraci\u00f3n municipal por mantener un entorno seguro y eficiente para todos los habitantes de Hermosillo&#8221;.<\/div>\n<div dir=\"auto\"><\/div>\n<div dir=\"auto\">El comisario jefe Luis Fernando Ram\u00edrez Salcido ingres\u00f3 a la corporaci\u00f3n municipal en el 2003 y se ha desempe\u00f1ado como responsable de la vigilancia del Consulado Americano, encargado del Departamento de Educaci\u00f3n Vial, Responsable del Grupo Motorizado, titular del Departamento de Autotransportes, entre otros.<\/div>\n<div dir=\"auto\"><\/div>\n<div dir=\"auto\">Estrella Jurado en el 2011 se integr\u00f3 a la Polic\u00eda Municipal y ha ocupado cargos dentro de la corporaci\u00f3n como responsable del Departamento de Intervenci\u00f3n de Primer Respondiente, supervisor del Departamento de Tr\u00e1nsito y comisionado de la Policia Preventiva en las zonas 4 y 5; entre otros.<\/div>\n<div dir=\"auto\"><\/div>\n<div dir=\"auto\">Dur\u00f3n Monta\u00f1o los conmin\u00f3 a no bajar la guardia para que Hermosillo siga siendo segura; a trabajar en equipo con la sociedad y en coordinaci\u00f3n con los tres niveles de gobierno.<\/div>\n<div class=\"yj6qo\"><\/div>\n<div class=\"adL\" dir=\"auto\"><\/div>\n","protected":false},"excerpt":{"rendered":"<p>Hermosillo, Sonora a 16 de junio del 2025.&#8211; Con el objetivo de fortalecer la seguridad y la vigilancia para seguir blindando Hermosillo, el Comisario General gir\u00f3 oficios de comisi\u00f3n al Comisario Jefe y Director de la Policia Preventiva. Jes\u00fas Alonso Dur\u00f3n Monta\u00f1o nombr\u00f3 al Polic\u00eda Primero Luis Fernando Ram\u00edrez Salcido como Comisario Jefe y a [&hellip;]<\/p>\n","protected":false},"author":2,"featured_media":221603,"comment_status":"closed","ping_status":"closed","sticky":false,"template":"","format":"standard","meta":{"footnotes":""},"categories":[12870,178],"tags":[12865,12869],"class_list":["post-221602","post","type-post","status-publish","format-standard","has-post-thumbnail","hentry","category-destacadas","category-local","tag-destacadas","tag-local"],"jetpack_featured_media_url":"https:\/\/rnoticias.com.mx\/Portal\/wp-content\/uploads\/2025\/06\/1001403018.jpg","amp_enabled":true,"_links":{"self":[{"href":"https:\/\/rnoticias.com.mx\/Portal\/wp-json\/wp\/v2\/posts\/221602","targetHints":{"allow":["GET"]}}],"collection":[{"href":"https:\/\/rnoticias.com.mx\/Portal\/wp-json\/wp\/v2\/posts"}],"about":[{"href":"https:\/\/rnoticias.com.mx\/Portal\/wp-json\/wp\/v2\/types\/post"}],"author":[{"embeddable":true,"href":"https:\/\/rnoticias.com.mx\/Portal\/wp-json\/wp\/v2\/users\/2"}],"replies":[{"embeddable":true,"href":"https:\/\/rnoticias.com.mx\/Portal\/wp-json\/wp\/v2\/comments?post=221602"}],"version-history":[{"count":1,"href":"https:\/\/rnoticias.com.mx\/Portal\/wp-json\/wp\/v2\/posts\/221602\/revisions"}],"predecessor-version":[{"id":221604,"href":"https:\/\/rnoticias.com.mx\/Portal\/wp-json\/wp\/v2\/posts\/221602\/revisions\/221604"}],"wp:featuredmedia":[{"embeddable":true,"href":"https:\/\/rnoticias.com.mx\/Portal\/wp-json\/wp\/v2\/media\/221603"}],"wp:attachment":[{"href":"https:\/\/rnoticias.com.mx\/Portal\/wp-json\/wp\/v2\/media?parent=221602"}],"wp:term":[{"taxonomy":"category","embeddable":true,"href":"https:\/\/rnoticias.com.mx\/Portal\/wp-json\/wp\/v2\/categories?post=221602"},{"taxonomy":"post_tag","embeddable":true,"href":"https:\/\/rnoticias.com.mx\/Portal\/wp-json\/wp\/v2\/tags?post=221602"}],"curies":[{"name":"wp","href":"https:\/\/api.w.org\/{rel}","templated":true}]}}