{"id":221596,"date":"2025-06-16T08:46:30","date_gmt":"2025-06-16T15:46:30","guid":{"rendered":"https:\/\/rnoticias.com.mx\/Portal\/?p=221596"},"modified":"2025-06-16T08:46:30","modified_gmt":"2025-06-16T15:46:30","slug":"entrega-ine-constancias-de-mayoria-a-ministras-y-ministros-que-integraran-la-suprema-corte-de-justicia-de-la-nacion","status":"publish","type":"post","link":"https:\/\/rnoticias.com.mx\/Portal\/2025\/06\/16\/entrega-ine-constancias-de-mayoria-a-ministras-y-ministros-que-integraran-la-suprema-corte-de-justicia-de-la-nacion\/","title":{"rendered":"Entrega INE constancias de mayor\u00eda a Ministras y Ministros que integrar\u00e1n la Suprema Corte de Justicia de la Naci\u00f3n"},"content":{"rendered":"<p class=\"x_MsoNormal\"><span data-olk-copy-source=\"MessageBody\">El Consejo General del Instituto Nacional Electoral (INE) realiz\u00f3 el protocolo de entrega de las constancias de mayor\u00eda a las candidaturas que resultaron ganadoras conforme a los acuerdos sobre los c\u00f3mputos, sumatoria, declaraci\u00f3n de validez de la elecci\u00f3n y asignaci\u00f3n a las personas que obtuvieron el mayor n\u00famero de votos, por el principio de paridad de g\u00e9nero y que ocupar\u00e1n los cargos de Ministras y Ministros de la Suprema Corte de Justicia de la Naci\u00f3n (SCJN).<\/span><\/p>\n<p class=\"x_MsoNormal\">\n<p class=\"x_MsoNormal\">Desde el Sal\u00f3n de Sesiones, la Consejera Presidenta del INE, Guadalupe Taddei Zavala, asegur\u00f3 que\u00a0<a id=\"LPlnk349301\" name=\"x__Hlk200907473\"><\/a>esta entrega es el resultado de un proceso transparente, confiable y sujeto a estrictos mecanismos de verificaci\u00f3n\u00a0y legalidad que garantizan la autenticidad de la voluntad ciudadana expresada en las urnas.<\/p>\n<p class=\"x_MsoNormal\">\n<p class=\"x_MsoNormal\">Taddei subray\u00f3 que el Proceso Electoral Extraordinario para la elecci\u00f3n de diversos cargos del Poder Judicial de la Federaci\u00f3n (PEEPJF) 2024-2025 ha representado un desaf\u00edo operativo importante, \u201cpero tambi\u00e9n es muestra clara de que las instituciones electorales mexicanas est\u00e1n preparadas para responder con profesionalismo y responsabilidad a los contextos cambiantes de la vida p\u00fablica de nuestro pa\u00eds\u201d.<\/p>\n<p class=\"x_MsoNormal\">\n<p class=\"x_MsoNormal\">Al concluir los c\u00f3mputos de esta elecci\u00f3n, a\u00f1adi\u00f3, el INE da certeza a los resultados en cada uno de los cargos judiciales que se renovar\u00e1n, como lo establece la Constituci\u00f3n y, a partir de \u00e9stos, se emiten las constancias correspondientes a quienes resultaron electas y electos.<\/p>\n<p class=\"x_MsoNormal\">\n<p class=\"x_MsoNormal\">\u201cEl pueblo de M\u00e9xico se expres\u00f3 en las urnas y nosotros como \u00f3rgano electoral dimos cumplimiento a lo que la ley establece. Considero de manera muy respetuosa que la nueva composici\u00f3n de la Corte debe revolucionar el Derecho mexicano, construir una instituci\u00f3n con un derecho incluyente, actualizado, que no imponga un solo canon de lo jur\u00eddico, sino que se construya el di\u00e1logo con las m\u00faltiples voces de los pueblos, las mujeres, las disidencias y los trabajadores\u201d, enfatiz\u00f3.<\/p>\n<p class=\"x_MsoNormal\">\n<p class=\"x_MsoNormal\">Este momento, estableci\u00f3 la Consejera Presidenta, es de la ciudadan\u00eda que particip\u00f3, deliber\u00f3 y decidi\u00f3. Adem\u00e1s, dej\u00f3 en claro que el trabajo del INE ha sido, es y seguir\u00e1 siendo servir a la democracia con imparcialidad y responsabilidad.<\/p>\n<p class=\"x_MsoNormal\">\n<p class=\"x_MsoNormal\">La entrega de constancias de ministras y ministros de la SCJN se llev\u00f3 a cabo en el orden siguiente:<\/p>\n<p class=\"x_MsoNormal\">\n<ol start=\"1\" type=\"1\">\n<li class=\"x_MsoNormal\">Sara Irene Herrer\u00edas Guerra<\/li>\n<li class=\"x_MsoNormal\">Ar\u00edstides Rodrigo Guerrero Garc\u00eda<\/li>\n<li class=\"x_MsoNormal\">Irving Espinosa Betanzo<\/li>\n<li class=\"x_MsoNormal\">Giovanni Azael Figueroa Mej\u00eda<\/li>\n<li class=\"x_MsoNormal\">Mar\u00eda Estela R\u00edos Gonz\u00e1lez<\/li>\n<li class=\"x_MsoNormal\">Loretta Ortiz Ahlf<\/li>\n<li class=\"x_MsoNormal\">Yasm\u00edn Esquivel Mossa<\/li>\n<li class=\"x_MsoNormal\">Lenia Batres Guadarrama<\/li>\n<li class=\"x_MsoNormal\">Hugo Aguilar Ortiz<\/li>\n<\/ol>\n<p class=\"x_MsoNormal\"><b><i>\u00a0<\/i><\/b><\/p>\n<p class=\"x_MsoNormal\"><b><i>Entrega Secretaria Ejecutiva constancia en lengua materna a Hugo Aguilar<\/i><\/b><\/p>\n<p class=\"x_MsoNormal\"><b><i>\u00a0<\/i><\/b><\/p>\n<p class=\"x_MsoNormal\">Durante el acto protocolario, la Secretaria Ejecutiva del INE, Claudia Arlett Espino, entreg\u00f3 al Ministro electo de la SCJN, Hugo Aguilar Ortiz -quien obtuvo la mayor cantidad de votos en esta elecci\u00f3n-, una constancia en su lengua materna (mixteco).<\/p>\n<p class=\"x_MsoNormal\">\n<p class=\"x_MsoNormal\">Al tomar la palabra luego de recibir su constancia de mayor\u00eda, Aguilar Ortiz reconoci\u00f3 y agradeci\u00f3 al INE, as\u00ed como a las consejeras y consejeros, por haber logrado con \u00e9xito este proceso y ejercicio democr\u00e1tico.<\/p>\n<p class=\"x_MsoNormal\">Asimismo, agradeci\u00f3 a las y los ciudadanos que participaron como funcionariado de casilla y a quienes salieron a votar el 1 de junio.<\/p>\n<p class=\"x_MsoNormal\">\n<p class=\"x_MsoNormal\">\u201cEl cambio democr\u00e1tico es siempre resultado del esfuerzo de todos y de todas. Hermanas y hermanos, en este momento hist\u00f3rico estimo importante se\u00f1alar que tendremos una Suprema Corte de Justicia guiada por los principios del Estado de Derecho, del pluralismo jur\u00eddico y el acceso pleno a la justicia. As\u00ed lo garantiza la nueva conformaci\u00f3n de la Suprema Corte, pues tiene una integraci\u00f3n democr\u00e1tica, pluricultural, paritaria y profesional\u201d, agreg\u00f3.<\/p>\n<p class=\"x_MsoNormal\"><b>\u00a0<\/b><\/p>\n","protected":false},"excerpt":{"rendered":"<p>El Consejo General del Instituto Nacional Electoral (INE) realiz\u00f3 el protocolo de entrega de las constancias de mayor\u00eda a las candidaturas que resultaron ganadoras conforme a los acuerdos sobre los c\u00f3mputos, sumatoria, declaraci\u00f3n de validez de la elecci\u00f3n y asignaci\u00f3n a las personas que obtuvieron el mayor n\u00famero de votos, por el principio de paridad [&hellip;]<\/p>\n","protected":false},"author":2,"featured_media":221597,"comment_status":"closed","ping_status":"closed","sticky":false,"template":"","format":"standard","meta":{"footnotes":""},"categories":[12870,172],"tags":[12865,12874],"class_list":["post-221596","post","type-post","status-publish","format-standard","has-post-thumbnail","hentry","category-destacadas","category-nacional","tag-destacadas","tag-nacional"],"jetpack_featured_media_url":"https:\/\/rnoticias.com.mx\/Portal\/wp-content\/uploads\/2025\/06\/29900111.webp","amp_enabled":true,"_links":{"self":[{"href":"https:\/\/rnoticias.com.mx\/Portal\/wp-json\/wp\/v2\/posts\/221596","targetHints":{"allow":["GET"]}}],"collection":[{"href":"https:\/\/rnoticias.com.mx\/Portal\/wp-json\/wp\/v2\/posts"}],"about":[{"href":"https:\/\/rnoticias.com.mx\/Portal\/wp-json\/wp\/v2\/types\/post"}],"author":[{"embeddable":true,"href":"https:\/\/rnoticias.com.mx\/Portal\/wp-json\/wp\/v2\/users\/2"}],"replies":[{"embeddable":true,"href":"https:\/\/rnoticias.com.mx\/Portal\/wp-json\/wp\/v2\/comments?post=221596"}],"version-history":[{"count":1,"href":"https:\/\/rnoticias.com.mx\/Portal\/wp-json\/wp\/v2\/posts\/221596\/revisions"}],"predecessor-version":[{"id":221598,"href":"https:\/\/rnoticias.com.mx\/Portal\/wp-json\/wp\/v2\/posts\/221596\/revisions\/221598"}],"wp:featuredmedia":[{"embeddable":true,"href":"https:\/\/rnoticias.com.mx\/Portal\/wp-json\/wp\/v2\/media\/221597"}],"wp:attachment":[{"href":"https:\/\/rnoticias.com.mx\/Portal\/wp-json\/wp\/v2\/media?parent=221596"}],"wp:term":[{"taxonomy":"category","embeddable":true,"href":"https:\/\/rnoticias.com.mx\/Portal\/wp-json\/wp\/v2\/categories?post=221596"},{"taxonomy":"post_tag","embeddable":true,"href":"https:\/\/rnoticias.com.mx\/Portal\/wp-json\/wp\/v2\/tags?post=221596"}],"curies":[{"name":"wp","href":"https:\/\/api.w.org\/{rel}","templated":true}]}}