{"id":221584,"date":"2025-06-16T07:48:57","date_gmt":"2025-06-16T14:48:57","guid":{"rendered":"https:\/\/rnoticias.com.mx\/Portal\/?p=221584"},"modified":"2025-06-16T07:48:57","modified_gmt":"2025-06-16T14:48:57","slug":"barbara-de-regil-rechazo-a-j-balvin","status":"publish","type":"post","link":"https:\/\/rnoticias.com.mx\/Portal\/2025\/06\/16\/barbara-de-regil-rechazo-a-j-balvin\/","title":{"rendered":"B\u00e1rbara De Regil rechaz\u00f3 a J Balvin"},"content":{"rendered":"<p>Agencia M\u00e9xico<\/p>\n<p>&nbsp;<\/p>\n<p><strong>B\u00e1rbara de Regil posee un \u201calgo\u201d\u00a0<\/strong>que dejar\u00eda en shock a J Balvin durante una entrega de premios. As\u00ed lo revel\u00f3 el periodista Javier Ceriani en el reciente cap\u00edtulo de su programa de YouTube, un cap\u00edtulo en donde el colombiano termin\u00f3 mal.<\/p>\n<p>El conductor del programa indic\u00f3 que tras compartir escenario en el evento de Telemundo, el cantante habr\u00eda intentado contactar a De Regil a trav\u00e9s de sus redes, aunque sin el resultado que esperaba, pues la actriz le dijo\u00a0<strong>que no iba a meterse con \u00e9l.<\/strong><\/p>\n","protected":false},"excerpt":{"rendered":"<p>Agencia M\u00e9xico &nbsp; B\u00e1rbara de Regil posee un \u201calgo\u201d\u00a0que dejar\u00eda en shock a J Balvin durante una entrega de premios. As\u00ed lo revel\u00f3 el periodista Javier Ceriani en el reciente cap\u00edtulo de su programa de YouTube, un cap\u00edtulo en donde el colombiano termin\u00f3 mal. El conductor del programa indic\u00f3 que tras compartir escenario en el [&hellip;]<\/p>\n","protected":false},"author":2,"featured_media":221585,"comment_status":"closed","ping_status":"closed","sticky":false,"template":"","format":"standard","meta":{"footnotes":""},"categories":[12870,219],"tags":[12865,12875],"class_list":["post-221584","post","type-post","status-publish","format-standard","has-post-thumbnail","hentry","category-destacadas","category-espectaculos","tag-destacadas","tag-espectaculos"],"jetpack_featured_media_url":"https:\/\/rnoticias.com.mx\/Portal\/wp-content\/uploads\/2025\/06\/principal_barbara-balvin.jpg","amp_enabled":true,"_links":{"self":[{"href":"https:\/\/rnoticias.com.mx\/Portal\/wp-json\/wp\/v2\/posts\/221584","targetHints":{"allow":["GET"]}}],"collection":[{"href":"https:\/\/rnoticias.com.mx\/Portal\/wp-json\/wp\/v2\/posts"}],"about":[{"href":"https:\/\/rnoticias.com.mx\/Portal\/wp-json\/wp\/v2\/types\/post"}],"author":[{"embeddable":true,"href":"https:\/\/rnoticias.com.mx\/Portal\/wp-json\/wp\/v2\/users\/2"}],"replies":[{"embeddable":true,"href":"https:\/\/rnoticias.com.mx\/Portal\/wp-json\/wp\/v2\/comments?post=221584"}],"version-history":[{"count":1,"href":"https:\/\/rnoticias.com.mx\/Portal\/wp-json\/wp\/v2\/posts\/221584\/revisions"}],"predecessor-version":[{"id":221586,"href":"https:\/\/rnoticias.com.mx\/Portal\/wp-json\/wp\/v2\/posts\/221584\/revisions\/221586"}],"wp:featuredmedia":[{"embeddable":true,"href":"https:\/\/rnoticias.com.mx\/Portal\/wp-json\/wp\/v2\/media\/221585"}],"wp:attachment":[{"href":"https:\/\/rnoticias.com.mx\/Portal\/wp-json\/wp\/v2\/media?parent=221584"}],"wp:term":[{"taxonomy":"category","embeddable":true,"href":"https:\/\/rnoticias.com.mx\/Portal\/wp-json\/wp\/v2\/categories?post=221584"},{"taxonomy":"post_tag","embeddable":true,"href":"https:\/\/rnoticias.com.mx\/Portal\/wp-json\/wp\/v2\/tags?post=221584"}],"curies":[{"name":"wp","href":"https:\/\/api.w.org\/{rel}","templated":true}]}}