{"id":221572,"date":"2025-06-16T07:38:09","date_gmt":"2025-06-16T14:38:09","guid":{"rendered":"https:\/\/rnoticias.com.mx\/Portal\/?p=221572"},"modified":"2025-06-16T07:38:09","modified_gmt":"2025-06-16T14:38:09","slug":"celebra-gobierno-de-sonora-el-dia-del-padre-en-los-centros-de-desarrollo-para-adultos-mayores-isaam","status":"publish","type":"post","link":"https:\/\/rnoticias.com.mx\/Portal\/2025\/06\/16\/celebra-gobierno-de-sonora-el-dia-del-padre-en-los-centros-de-desarrollo-para-adultos-mayores-isaam\/","title":{"rendered":"Celebra Gobierno de Sonora el D\u00eda del Padre en los Centros de Desarrollo para Adultos Mayores: ISAAM"},"content":{"rendered":"<p>Hermosillo, Sonora; 15 de junio de 2025.- A fin de reconocer y agradecer a los padres por su dedicaci\u00f3n, contribuci\u00f3n y esfuerzo en la vida de sus hijos y familias, el Instituto Sonorense para la Atenci\u00f3n de los Adultos Mayores (ISAAM) realiz\u00f3 la celebraci\u00f3n por el D\u00eda del Padre de manera simult\u00e1nea en los CEDAM de Hermosillo, Cajeme y Agua Prieta.<\/p>\n<p>Aproximadamente 45 adultos mayores de estos centros celebraron su d\u00eda con un desayuno, pastel, m\u00fasica, juegos de mesa, regalos y hasta la tradicional pi\u00f1ata.<\/p>\n<p>La titular del instituto, Cedna Maviael J\u00e1quez Ortega destac\u00f3 la importancia de la paternidad en la sociedad y reconoci\u00f3 a quienes tambi\u00e9n est\u00e1n al cuidado de sus nietas y nietos, como un valioso recurso que contribuye a la construcci\u00f3n de familias unidas y fuertes, al reforzamiento de las relaciones intergeneracionales, la transmisi\u00f3n de valores y tradiciones, y el apoyo emocional.<\/p>\n<p>Seguimos las instrucciones del gobernador Alfonso Durazo para ofrecer espacios donde se reconozca la importancia de la figura paterna, y agradecemos el compromiso, esfuerzo y dedicaci\u00f3n de los pap\u00e1s, puntualiz\u00f3.<\/p>\n","protected":false},"excerpt":{"rendered":"<p>Hermosillo, Sonora; 15 de junio de 2025.- A fin de reconocer y agradecer a los padres por su dedicaci\u00f3n, contribuci\u00f3n y esfuerzo en la vida de sus hijos y familias, el Instituto Sonorense para la Atenci\u00f3n de los Adultos Mayores (ISAAM) realiz\u00f3 la celebraci\u00f3n por el D\u00eda del Padre de manera simult\u00e1nea en los CEDAM [&hellip;]<\/p>\n","protected":false},"author":2,"featured_media":221573,"comment_status":"closed","ping_status":"closed","sticky":false,"template":"","format":"standard","meta":{"footnotes":""},"categories":[12870,178],"tags":[12865,12869],"class_list":["post-221572","post","type-post","status-publish","format-standard","has-post-thumbnail","hentry","category-destacadas","category-local","tag-destacadas","tag-local"],"jetpack_featured_media_url":"https:\/\/rnoticias.com.mx\/Portal\/wp-content\/uploads\/2025\/06\/unnamed-61.jpg","amp_enabled":true,"_links":{"self":[{"href":"https:\/\/rnoticias.com.mx\/Portal\/wp-json\/wp\/v2\/posts\/221572","targetHints":{"allow":["GET"]}}],"collection":[{"href":"https:\/\/rnoticias.com.mx\/Portal\/wp-json\/wp\/v2\/posts"}],"about":[{"href":"https:\/\/rnoticias.com.mx\/Portal\/wp-json\/wp\/v2\/types\/post"}],"author":[{"embeddable":true,"href":"https:\/\/rnoticias.com.mx\/Portal\/wp-json\/wp\/v2\/users\/2"}],"replies":[{"embeddable":true,"href":"https:\/\/rnoticias.com.mx\/Portal\/wp-json\/wp\/v2\/comments?post=221572"}],"version-history":[{"count":1,"href":"https:\/\/rnoticias.com.mx\/Portal\/wp-json\/wp\/v2\/posts\/221572\/revisions"}],"predecessor-version":[{"id":221574,"href":"https:\/\/rnoticias.com.mx\/Portal\/wp-json\/wp\/v2\/posts\/221572\/revisions\/221574"}],"wp:featuredmedia":[{"embeddable":true,"href":"https:\/\/rnoticias.com.mx\/Portal\/wp-json\/wp\/v2\/media\/221573"}],"wp:attachment":[{"href":"https:\/\/rnoticias.com.mx\/Portal\/wp-json\/wp\/v2\/media?parent=221572"}],"wp:term":[{"taxonomy":"category","embeddable":true,"href":"https:\/\/rnoticias.com.mx\/Portal\/wp-json\/wp\/v2\/categories?post=221572"},{"taxonomy":"post_tag","embeddable":true,"href":"https:\/\/rnoticias.com.mx\/Portal\/wp-json\/wp\/v2\/tags?post=221572"}],"curies":[{"name":"wp","href":"https:\/\/api.w.org\/{rel}","templated":true}]}}