{"id":221569,"date":"2025-06-16T07:37:30","date_gmt":"2025-06-16T14:37:30","guid":{"rendered":"https:\/\/rnoticias.com.mx\/Portal\/?p=221569"},"modified":"2025-06-16T07:37:30","modified_gmt":"2025-06-16T14:37:30","slug":"avanza-gobierno-de-hermosillo-trabajos-en-parque-lineal-en-el-bulevar-lazaro-cardenas","status":"publish","type":"post","link":"https:\/\/rnoticias.com.mx\/Portal\/2025\/06\/16\/avanza-gobierno-de-hermosillo-trabajos-en-parque-lineal-en-el-bulevar-lazaro-cardenas\/","title":{"rendered":"Avanza Gobierno de Hermosillo trabajos en parque lineal en el bulevar L\u00e1zaro C\u00e1rdenas"},"content":{"rendered":"<p><b data-olk-copy-source=\"MessageBody\">Hermosillo, Sonora; 15 de junio, 2025.-\u00a0<\/b>\u00a0La titular de la Direcci\u00f3n de Desarrollo de Infraestructura, Astart\u00e9 Corro Ruiz, inform\u00f3 que llevan avanzados los trabajos en la construcci\u00f3n del parque lineal en el bulevar L\u00e1zaro C\u00e1rdenas, que es la Obra de Ciudad ganadora del Presupuesto Participativo CRECES, la m\u00e1s grande que se vot\u00f3 en 2024 para realizarse en este 2025.<\/p>\n<p>Corro Ruiz dijo que se encuentran en los trabajos de formar los andadores con el fin de que las familias vayan a pasar un momento de recreaci\u00f3n agradable adem\u00e1s contar\u00e1 con muchas \u00e1reas verdes, con andadores y rampas accesibles para personas que tienen alguna discapacidad.<\/p>\n<p>\u201cPara todas las personas que les gusta mucho caminar y correr ser\u00e1 el lugar perfecto para poder desarrollar esta actividad, y contar\u00e1 con nueva iluminaci\u00f3n y con mobiliario tipo Picnic, como el que se ha instalado en el Parque Madero, en el Jard\u00edn Ju\u00e1rez y en el C\u00e1rcamo\u201d, comparti\u00f3 Corro Ruiz.<\/p>\n<p>Record\u00f3 que en toda su extensi\u00f3n el parque tendr\u00e1 un sistema de riesgo porque se plantar\u00e1n m\u00e1s de 800 plantas, \u00e1rboles y arbustos de especies nativas, como Texas, Cola de Zorro, Palo Verde y Mezquite, porque se quiere tener un nuevo pulm\u00f3n en el \u00e1rea urbana de Hermosillo.<\/p>\n<p>En el andador, que estar\u00e1 listo en los pr\u00f3ximos meses, se invertir\u00e1n 21 millones de pesos en su primera etapa, la cual abarcar\u00e1 1.3 kil\u00f3metros de un total de 3.3 kil\u00f3metros de longitud.<\/p>\n","protected":false},"excerpt":{"rendered":"<p>Hermosillo, Sonora; 15 de junio, 2025.-\u00a0\u00a0La titular de la Direcci\u00f3n de Desarrollo de Infraestructura, Astart\u00e9 Corro Ruiz, inform\u00f3 que llevan avanzados los trabajos en la construcci\u00f3n del parque lineal en el bulevar L\u00e1zaro C\u00e1rdenas, que es la Obra de Ciudad ganadora del Presupuesto Participativo CRECES, la m\u00e1s grande que se vot\u00f3 en 2024 para realizarse [&hellip;]<\/p>\n","protected":false},"author":2,"featured_media":221570,"comment_status":"closed","ping_status":"closed","sticky":false,"template":"","format":"standard","meta":{"footnotes":""},"categories":[12870,178],"tags":[12865,12869],"class_list":["post-221569","post","type-post","status-publish","format-standard","has-post-thumbnail","hentry","category-destacadas","category-local","tag-destacadas","tag-local"],"jetpack_featured_media_url":"https:\/\/rnoticias.com.mx\/Portal\/wp-content\/uploads\/2025\/06\/Avanza-Gobierno-de-Hermosillo-trabajos-en-parque-lineal-en-el-bulevar-Lazaro-Cardenas3.jpg","amp_enabled":true,"_links":{"self":[{"href":"https:\/\/rnoticias.com.mx\/Portal\/wp-json\/wp\/v2\/posts\/221569","targetHints":{"allow":["GET"]}}],"collection":[{"href":"https:\/\/rnoticias.com.mx\/Portal\/wp-json\/wp\/v2\/posts"}],"about":[{"href":"https:\/\/rnoticias.com.mx\/Portal\/wp-json\/wp\/v2\/types\/post"}],"author":[{"embeddable":true,"href":"https:\/\/rnoticias.com.mx\/Portal\/wp-json\/wp\/v2\/users\/2"}],"replies":[{"embeddable":true,"href":"https:\/\/rnoticias.com.mx\/Portal\/wp-json\/wp\/v2\/comments?post=221569"}],"version-history":[{"count":1,"href":"https:\/\/rnoticias.com.mx\/Portal\/wp-json\/wp\/v2\/posts\/221569\/revisions"}],"predecessor-version":[{"id":221571,"href":"https:\/\/rnoticias.com.mx\/Portal\/wp-json\/wp\/v2\/posts\/221569\/revisions\/221571"}],"wp:featuredmedia":[{"embeddable":true,"href":"https:\/\/rnoticias.com.mx\/Portal\/wp-json\/wp\/v2\/media\/221570"}],"wp:attachment":[{"href":"https:\/\/rnoticias.com.mx\/Portal\/wp-json\/wp\/v2\/media?parent=221569"}],"wp:term":[{"taxonomy":"category","embeddable":true,"href":"https:\/\/rnoticias.com.mx\/Portal\/wp-json\/wp\/v2\/categories?post=221569"},{"taxonomy":"post_tag","embeddable":true,"href":"https:\/\/rnoticias.com.mx\/Portal\/wp-json\/wp\/v2\/tags?post=221569"}],"curies":[{"name":"wp","href":"https:\/\/api.w.org\/{rel}","templated":true}]}}