{"id":221566,"date":"2025-06-16T07:32:54","date_gmt":"2025-06-16T14:32:54","guid":{"rendered":"https:\/\/rnoticias.com.mx\/Portal\/?p=221566"},"modified":"2025-06-16T07:32:54","modified_gmt":"2025-06-16T14:32:54","slug":"brindan-apoyo-a-personas-vulnerables-ante-temperaturas-extremas","status":"publish","type":"post","link":"https:\/\/rnoticias.com.mx\/Portal\/2025\/06\/16\/brindan-apoyo-a-personas-vulnerables-ante-temperaturas-extremas\/","title":{"rendered":"Brindan apoyo a personas vulnerables ante temperaturas extremas"},"content":{"rendered":"<p><b data-olk-copy-source=\"MessageBody\">Hermosillo, Sonora; 16 de junio, 2025.-<\/b>\u00a0Derivado del calor extremo en Hermosillo que registr\u00f3 una temperatura m\u00e1xima de 43 grados cent\u00edgrados el s\u00e1bado 14 de junio, el Gobierno Municipal coordin\u00f3 esfuerzos entre distintas dependencias para recorrer calles y plazas con el objetivo de proteger la salud de las personas en situaci\u00f3n vulnerable.<\/p>\n<p aria-hidden=\"true\">\n<p>Fernando Morales Flores, titular de la Coordinaci\u00f3n Municipal de Protecci\u00f3n Civil (CMPC), inform\u00f3 que durante estos recorridos se visitaron puntos como la Plaza Zaragoza, la Heriberto Aja, el Parque Madero y el puente ubicado entre los bulevares Antonio Quiroga y Garc\u00eda Morales, entre otros, donde se ofrecieron botellas de agua y sueros para prevenir golpes de calor.<\/p>\n<p aria-hidden=\"true\">\n<p>\u201cHoy domingo continuaremos con los recorridos y ofrecer bebidas para que personas en situaci\u00f3n vulnerable se mantengan hidratadas ante las altas temperaturas, afortunadamente hasta el momento no hemos tenido reportes al 911 de personas afectadas por el calor\u201d, se\u00f1al\u00f3.<\/p>\n<p aria-hidden=\"true\">\n<p>Estas acciones se llevaron a cabo con la participaci\u00f3n de personal de la CMPC, la Direcci\u00f3n de Salud Municipal, Participaci\u00f3n Ciudadana y elementos de la Jefatura de Polic\u00eda Preventiva y Tr\u00e1nsito Municipal.<\/p>\n<p aria-hidden=\"true\">\n<p>Como parte de las medidas de apoyo, tambi\u00e9n se mantienen habilitados los Centros H\u00e1bitat Caf\u00e9 Combate y Solidaridad I, en un horario de 12:00 del mediod\u00eda a 5:00 de la tarde, para que las personas que lo necesiten puedan resguardarse del calor en espacios refrigerados.<\/p>\n<p aria-hidden=\"true\">\n<p>El Gobierno Municipal reitera el llamado a la ciudadan\u00eda a mantenerse hidratada, evitar la exposici\u00f3n prolongada al sol, cuidar especialmente a ni\u00f1as, ni\u00f1os, adultos mayores y mascotas. En caso de emergencia, comunicarse de inmediato al 911.<\/p>\n","protected":false},"excerpt":{"rendered":"<p>Hermosillo, Sonora; 16 de junio, 2025.-\u00a0Derivado del calor extremo en Hermosillo que registr\u00f3 una temperatura m\u00e1xima de 43 grados cent\u00edgrados el s\u00e1bado 14 de junio, el Gobierno Municipal coordin\u00f3 esfuerzos entre distintas dependencias para recorrer calles y plazas con el objetivo de proteger la salud de las personas en situaci\u00f3n vulnerable. Fernando Morales Flores, titular [&hellip;]<\/p>\n","protected":false},"author":2,"featured_media":221567,"comment_status":"closed","ping_status":"closed","sticky":false,"template":"","format":"standard","meta":{"footnotes":""},"categories":[12870,178],"tags":[12865,12869],"class_list":["post-221566","post","type-post","status-publish","format-standard","has-post-thumbnail","hentry","category-destacadas","category-local","tag-destacadas","tag-local"],"jetpack_featured_media_url":"https:\/\/rnoticias.com.mx\/Portal\/wp-content\/uploads\/2025\/06\/Brindan-apoyo-a-personas-vulnerables-ante-temperaturas-extremas4.jpg","amp_enabled":true,"_links":{"self":[{"href":"https:\/\/rnoticias.com.mx\/Portal\/wp-json\/wp\/v2\/posts\/221566","targetHints":{"allow":["GET"]}}],"collection":[{"href":"https:\/\/rnoticias.com.mx\/Portal\/wp-json\/wp\/v2\/posts"}],"about":[{"href":"https:\/\/rnoticias.com.mx\/Portal\/wp-json\/wp\/v2\/types\/post"}],"author":[{"embeddable":true,"href":"https:\/\/rnoticias.com.mx\/Portal\/wp-json\/wp\/v2\/users\/2"}],"replies":[{"embeddable":true,"href":"https:\/\/rnoticias.com.mx\/Portal\/wp-json\/wp\/v2\/comments?post=221566"}],"version-history":[{"count":1,"href":"https:\/\/rnoticias.com.mx\/Portal\/wp-json\/wp\/v2\/posts\/221566\/revisions"}],"predecessor-version":[{"id":221568,"href":"https:\/\/rnoticias.com.mx\/Portal\/wp-json\/wp\/v2\/posts\/221566\/revisions\/221568"}],"wp:featuredmedia":[{"embeddable":true,"href":"https:\/\/rnoticias.com.mx\/Portal\/wp-json\/wp\/v2\/media\/221567"}],"wp:attachment":[{"href":"https:\/\/rnoticias.com.mx\/Portal\/wp-json\/wp\/v2\/media?parent=221566"}],"wp:term":[{"taxonomy":"category","embeddable":true,"href":"https:\/\/rnoticias.com.mx\/Portal\/wp-json\/wp\/v2\/categories?post=221566"},{"taxonomy":"post_tag","embeddable":true,"href":"https:\/\/rnoticias.com.mx\/Portal\/wp-json\/wp\/v2\/tags?post=221566"}],"curies":[{"name":"wp","href":"https:\/\/api.w.org\/{rel}","templated":true}]}}