{"id":221562,"date":"2025-06-16T07:31:13","date_gmt":"2025-06-16T14:31:13","guid":{"rendered":"https:\/\/rnoticias.com.mx\/Portal\/?p=221562"},"modified":"2025-06-16T07:31:13","modified_gmt":"2025-06-16T14:31:13","slug":"conmemora-gobierno-de-sonora-el-dia-mundial-de-toma-de-conciencia-del-abuso-y-maltrato-en-la-vejez-isaam","status":"publish","type":"post","link":"https:\/\/rnoticias.com.mx\/Portal\/2025\/06\/16\/conmemora-gobierno-de-sonora-el-dia-mundial-de-toma-de-conciencia-del-abuso-y-maltrato-en-la-vejez-isaam\/","title":{"rendered":"Conmemora Gobierno de Sonora el D\u00eda Mundial de Toma de Conciencia del Abuso y Maltrato en la Vejez: ISAAM"},"content":{"rendered":"<p>Hermosillo, Sonora; 15 de junio de 2025.- A fin de visibilizar y combatir el edadismo hacia las personas adultas mayores, el Instituto Sonorense para la Atenci\u00f3n de los Adultos Mayores (ISAAM), a trav\u00e9s de los CEDAM de Hermosillo, Cajeme y Agua Prieta, realiz\u00f3 actividades simult\u00e1neas en el marco del D\u00eda Mundial de Toma de Conciencia del Abuso y Maltrato en la Vejez, que se conmemora el 15 de junio.<\/p>\n<p>En el CEDAM Hermosillo se llev\u00f3 a cabo una actividad en la que se compartieron algunas frases con el prop\u00f3sito de que las personas adultas mayores identificaran los tipos de violencia presentes, tales como f\u00edsica, verbal, psicol\u00f3gica y emocional, abandono y negligencia, sexual, econ\u00f3mica y patrimonial, digital y combinada.<\/p>\n<p>En Cajeme, personal del ITSON brind\u00f3 una pl\u00e1tica sobre el maltrato y abuso en la vejez. Adem\u00e1s, se present\u00f3 un sketch a cargo de estudiantes del CBTIS 188 y del Instituto de Capacitaci\u00f3n de Profesionales en Enfermer\u00eda (IFCPE), en el que se expusieron los diferentes tipos de abuso y maltrato hacia personas adultas mayores.<\/p>\n<p>Por su parte, las personas adultas mayores del CEDAM Agua Prieta asistieron a una pl\u00e1tica informativa sobre tipos de violencia en la vejez, impartida por personal de la Secretar\u00eda de la Mujer.<\/p>\n<p>Gracias al liderazgo del gobernador Alfonso Durazo, a trav\u00e9s del ISAAM se reafirma el compromiso de continuar trabajando a favor del reconocimiento y pleno ejercicio de los derechos de las personas adultas mayores, propiciando su empoderamiento, dignidad y autonom\u00eda.<\/p>\n","protected":false},"excerpt":{"rendered":"<p>Hermosillo, Sonora; 15 de junio de 2025.- A fin de visibilizar y combatir el edadismo hacia las personas adultas mayores, el Instituto Sonorense para la Atenci\u00f3n de los Adultos Mayores (ISAAM), a trav\u00e9s de los CEDAM de Hermosillo, Cajeme y Agua Prieta, realiz\u00f3 actividades simult\u00e1neas en el marco del D\u00eda Mundial de Toma de Conciencia [&hellip;]<\/p>\n","protected":false},"author":2,"featured_media":221563,"comment_status":"closed","ping_status":"closed","sticky":false,"template":"","format":"standard","meta":{"footnotes":""},"categories":[178],"tags":[12869],"class_list":["post-221562","post","type-post","status-publish","format-standard","has-post-thumbnail","hentry","category-local","tag-local"],"jetpack_featured_media_url":"https:\/\/rnoticias.com.mx\/Portal\/wp-content\/uploads\/2025\/06\/unnamed-1-37.jpg","amp_enabled":true,"_links":{"self":[{"href":"https:\/\/rnoticias.com.mx\/Portal\/wp-json\/wp\/v2\/posts\/221562","targetHints":{"allow":["GET"]}}],"collection":[{"href":"https:\/\/rnoticias.com.mx\/Portal\/wp-json\/wp\/v2\/posts"}],"about":[{"href":"https:\/\/rnoticias.com.mx\/Portal\/wp-json\/wp\/v2\/types\/post"}],"author":[{"embeddable":true,"href":"https:\/\/rnoticias.com.mx\/Portal\/wp-json\/wp\/v2\/users\/2"}],"replies":[{"embeddable":true,"href":"https:\/\/rnoticias.com.mx\/Portal\/wp-json\/wp\/v2\/comments?post=221562"}],"version-history":[{"count":2,"href":"https:\/\/rnoticias.com.mx\/Portal\/wp-json\/wp\/v2\/posts\/221562\/revisions"}],"predecessor-version":[{"id":221565,"href":"https:\/\/rnoticias.com.mx\/Portal\/wp-json\/wp\/v2\/posts\/221562\/revisions\/221565"}],"wp:featuredmedia":[{"embeddable":true,"href":"https:\/\/rnoticias.com.mx\/Portal\/wp-json\/wp\/v2\/media\/221563"}],"wp:attachment":[{"href":"https:\/\/rnoticias.com.mx\/Portal\/wp-json\/wp\/v2\/media?parent=221562"}],"wp:term":[{"taxonomy":"category","embeddable":true,"href":"https:\/\/rnoticias.com.mx\/Portal\/wp-json\/wp\/v2\/categories?post=221562"},{"taxonomy":"post_tag","embeddable":true,"href":"https:\/\/rnoticias.com.mx\/Portal\/wp-json\/wp\/v2\/tags?post=221562"}],"curies":[{"name":"wp","href":"https:\/\/api.w.org\/{rel}","templated":true}]}}