{"id":221559,"date":"2025-06-16T07:30:17","date_gmt":"2025-06-16T14:30:17","guid":{"rendered":"https:\/\/rnoticias.com.mx\/Portal\/?p=221559"},"modified":"2025-06-16T07:30:17","modified_gmt":"2025-06-16T14:30:17","slug":"con-plan-sonora-gobernador-durazo-logra-crecimiento-historico-en-productividad-laboral","status":"publish","type":"post","link":"https:\/\/rnoticias.com.mx\/Portal\/2025\/06\/16\/con-plan-sonora-gobernador-durazo-logra-crecimiento-historico-en-productividad-laboral\/","title":{"rendered":"Con Plan Sonora, Gobernador Durazo logra crecimiento hist\u00f3rico en productividad laboral"},"content":{"rendered":"<p>Hermosillo, Sonora; 16 de junio de 2025.- Con un incremento hist\u00f3rico del 3.7 por ciento en el \u00cdndice de Productividad Laboral, el gobernador Alfonso Durazo Monta\u00f1o posiciona al estado como referente nacional de empleo y remuneraci\u00f3n salarial, resultado del Plan Sonora de Energ\u00edas Sostenibles.<\/p>\n<p>El jefe del Ejecutivo estatal destac\u00f3 que esta cifra que se registr\u00f3 durante el primer trimestre de 2025, supera ampliamente el promedio nacional del 1.6 por ciento, de acuerdo con el Instituto Nacional de Estad\u00edstica y Geograf\u00eda (INEGI).<\/p>\n<p>\u201cEl incremento en productividad confirma que Sonora avanza por el rumbo correcto. Es un reflejo directo de la eficiencia alcanzada por nuestra industria manufacturera, que hoy es m\u00e1s competitiva gracias al impulso del Plan Sonora de Energ\u00edas Sostenibles\u201d, asever\u00f3 el gobernador Durazo.<\/p>\n<p>El mandatario sonorense indic\u00f3 que este resultado es producto del fortalecimiento de sectores estrat\u00e9gicos, como el de manufactura avanzada y de la articulaci\u00f3n entre infraestructura moderna, energ\u00eda limpia, minerales cr\u00edticos y talento humano capacitado.<\/p>\n<p>Derivado de los resultados positivos en materia laboral, el gobernador refrend\u00f3 el compromiso del gobierno que encabeza para seguir impulsando pol\u00edticas p\u00fablicas que fortalezcan la productividad, la innovaci\u00f3n y el desarrollo sostenible en todo el estado.<\/p>\n","protected":false},"excerpt":{"rendered":"<p>Hermosillo, Sonora; 16 de junio de 2025.- Con un incremento hist\u00f3rico del 3.7 por ciento en el \u00cdndice de Productividad Laboral, el gobernador Alfonso Durazo Monta\u00f1o posiciona al estado como referente nacional de empleo y remuneraci\u00f3n salarial, resultado del Plan Sonora de Energ\u00edas Sostenibles. El jefe del Ejecutivo estatal destac\u00f3 que esta cifra que se [&hellip;]<\/p>\n","protected":false},"author":2,"featured_media":221560,"comment_status":"closed","ping_status":"closed","sticky":false,"template":"","format":"standard","meta":{"footnotes":""},"categories":[12870,178],"tags":[12865,12869],"class_list":["post-221559","post","type-post","status-publish","format-standard","has-post-thumbnail","hentry","category-destacadas","category-local","tag-destacadas","tag-local"],"jetpack_featured_media_url":"https:\/\/rnoticias.com.mx\/Portal\/wp-content\/uploads\/2025\/06\/unnamed-60.jpg","amp_enabled":true,"_links":{"self":[{"href":"https:\/\/rnoticias.com.mx\/Portal\/wp-json\/wp\/v2\/posts\/221559","targetHints":{"allow":["GET"]}}],"collection":[{"href":"https:\/\/rnoticias.com.mx\/Portal\/wp-json\/wp\/v2\/posts"}],"about":[{"href":"https:\/\/rnoticias.com.mx\/Portal\/wp-json\/wp\/v2\/types\/post"}],"author":[{"embeddable":true,"href":"https:\/\/rnoticias.com.mx\/Portal\/wp-json\/wp\/v2\/users\/2"}],"replies":[{"embeddable":true,"href":"https:\/\/rnoticias.com.mx\/Portal\/wp-json\/wp\/v2\/comments?post=221559"}],"version-history":[{"count":1,"href":"https:\/\/rnoticias.com.mx\/Portal\/wp-json\/wp\/v2\/posts\/221559\/revisions"}],"predecessor-version":[{"id":221561,"href":"https:\/\/rnoticias.com.mx\/Portal\/wp-json\/wp\/v2\/posts\/221559\/revisions\/221561"}],"wp:featuredmedia":[{"embeddable":true,"href":"https:\/\/rnoticias.com.mx\/Portal\/wp-json\/wp\/v2\/media\/221560"}],"wp:attachment":[{"href":"https:\/\/rnoticias.com.mx\/Portal\/wp-json\/wp\/v2\/media?parent=221559"}],"wp:term":[{"taxonomy":"category","embeddable":true,"href":"https:\/\/rnoticias.com.mx\/Portal\/wp-json\/wp\/v2\/categories?post=221559"},{"taxonomy":"post_tag","embeddable":true,"href":"https:\/\/rnoticias.com.mx\/Portal\/wp-json\/wp\/v2\/tags?post=221559"}],"curies":[{"name":"wp","href":"https:\/\/api.w.org\/{rel}","templated":true}]}}