{"id":221555,"date":"2025-06-13T22:31:02","date_gmt":"2025-06-14T05:31:02","guid":{"rendered":"https:\/\/rnoticias.com.mx\/Portal\/?p=221555"},"modified":"2025-06-13T22:31:02","modified_gmt":"2025-06-14T05:31:02","slug":"concluyen-con-exito-foros-para-actualizacion-del-plan-estatal-de-desarrollo-impulsados-por-gobernador-durazo","status":"publish","type":"post","link":"https:\/\/rnoticias.com.mx\/Portal\/2025\/06\/13\/concluyen-con-exito-foros-para-actualizacion-del-plan-estatal-de-desarrollo-impulsados-por-gobernador-durazo\/","title":{"rendered":"Concluyen con \u00e9xito foros para actualizaci\u00f3n del Plan Estatal de Desarrollo impulsados por Gobernador Durazo"},"content":{"rendered":"<p>Hermosillo, Sonora; 13 de junio de 2025.- Con el foro Innovaci\u00f3n P\u00fablica para un Gobierno Inteligente, concluy\u00f3 una semana de consulta ciudadana para la actualizaci\u00f3n del Plan Estatal de Desarrollo 2022-2027, un ejercicio in\u00e9dito de participaci\u00f3n ciudadana impulsado por el gobernador Alfonso Durazo Monta\u00f1o, con el objetivo de armonizar el trabajo del Gobierno de Sonora con el Plan Nacional de Desarrollo 2025-2030, que encabeza la presidenta Claudia Sheinbaum Pardo, destac\u00f3 Paulina Oca\u00f1a.<\/p>\n<p>La jefa de la Oficina del Ejecutivo Estatal, en representaci\u00f3n del gobernador Alfonso Durazo, acompa\u00f1ada de Roberto Gradillas, secretario de Econom\u00eda y Turismo, destac\u00f3 la importancia de este proceso de consulta, que reuni\u00f3 a acad\u00e9micos, empresarios, juventudes, colectivos, sociedad civil organizada y funcionarios p\u00fablicos en cinco foros tem\u00e1ticos y 15 mesas de trabajo, donde se transformaron ideas en propuestas concretas.<\/p>\n<p>\u201cYo creo que vale la pena hacer este corte de caja porque si bien es cierto, ya hemos cumplido con la mayor parte del Plan Estatal de Desarrollo, nuestro gobernador est\u00e1 comprometido a dar un paso m\u00e1s, de no quedarnos en la comodidad, de no nada m\u00e1s lo que ven\u00eda del papelito, sino que siga siendo un documento vivo, que lo siguen nutriendo ustedes, as\u00ed como lo hicieron desde el primer d\u00eda. Entonces reiterarles el agradecimiento sincero y sobre todo por ayudarnos a mirar nuevamente de manera introspectiva hacia el gobierno y poderlo sensibilizar de una manera muy objetiva con un sentido constructivo de c\u00f3mo podemos ir mejorando\u201d, expres\u00f3 Oca\u00f1a Encinas.<\/p>\n<p>Finalmente, anunci\u00f3 que en las pr\u00f3ximas semanas se dar\u00e1n a conocer los resultados de las mesas de trabajo y las propuestas integradas, confiando en que ser\u00e1n del agrado y satisfacci\u00f3n de quienes participaron en esta jornada.<\/p>\n<p>Durante el foro Innovaci\u00f3n P\u00fablica para un Gobierno Inteligente se desarrollaron tres mesas de trabajo centrados en temas como: Tr\u00e1mites y Servicios Digitales, Mejora Regulatoria: Tr\u00e1mites como Puente para la Ciudadan\u00eda en el Acceso a los Derechos y Telecomunicaciones y Derecho a Internet.<\/p>\n<p>En este foro tambi\u00e9n participaron Luis Javier Ortega Cisneros, subsecretario de Gobierno Digital; V\u00edctor Hugo Ben\u00edtez, coordinador del programa de maestr\u00edas e ingenier\u00eda en internet de las cosas e inteligencia artificial, departamento de ingenier\u00eda industrial de la Universidad de Sonora; y Yojanan Cornejo Chait, presidente de la C\u00e1mara Nacional de la Industria Electr\u00f3nica, Telecomunicaciones y Tecnolog\u00edas de la Informaci\u00f3n (Canieti) en la entidad.<\/p>\n","protected":false},"excerpt":{"rendered":"<p>Hermosillo, Sonora; 13 de junio de 2025.- Con el foro Innovaci\u00f3n P\u00fablica para un Gobierno Inteligente, concluy\u00f3 una semana de consulta ciudadana para la actualizaci\u00f3n del Plan Estatal de Desarrollo 2022-2027, un ejercicio in\u00e9dito de participaci\u00f3n ciudadana impulsado por el gobernador Alfonso Durazo Monta\u00f1o, con el objetivo de armonizar el trabajo del Gobierno de Sonora [&hellip;]<\/p>\n","protected":false},"author":2,"featured_media":221556,"comment_status":"closed","ping_status":"closed","sticky":false,"template":"","format":"standard","meta":{"footnotes":""},"categories":[12870,178],"tags":[12865,12869],"class_list":["post-221555","post","type-post","status-publish","format-standard","has-post-thumbnail","hentry","category-destacadas","category-local","tag-destacadas","tag-local"],"jetpack_featured_media_url":"https:\/\/rnoticias.com.mx\/Portal\/wp-content\/uploads\/2025\/06\/unnamed-1-36.jpg","amp_enabled":true,"_links":{"self":[{"href":"https:\/\/rnoticias.com.mx\/Portal\/wp-json\/wp\/v2\/posts\/221555","targetHints":{"allow":["GET"]}}],"collection":[{"href":"https:\/\/rnoticias.com.mx\/Portal\/wp-json\/wp\/v2\/posts"}],"about":[{"href":"https:\/\/rnoticias.com.mx\/Portal\/wp-json\/wp\/v2\/types\/post"}],"author":[{"embeddable":true,"href":"https:\/\/rnoticias.com.mx\/Portal\/wp-json\/wp\/v2\/users\/2"}],"replies":[{"embeddable":true,"href":"https:\/\/rnoticias.com.mx\/Portal\/wp-json\/wp\/v2\/comments?post=221555"}],"version-history":[{"count":1,"href":"https:\/\/rnoticias.com.mx\/Portal\/wp-json\/wp\/v2\/posts\/221555\/revisions"}],"predecessor-version":[{"id":221557,"href":"https:\/\/rnoticias.com.mx\/Portal\/wp-json\/wp\/v2\/posts\/221555\/revisions\/221557"}],"wp:featuredmedia":[{"embeddable":true,"href":"https:\/\/rnoticias.com.mx\/Portal\/wp-json\/wp\/v2\/media\/221556"}],"wp:attachment":[{"href":"https:\/\/rnoticias.com.mx\/Portal\/wp-json\/wp\/v2\/media?parent=221555"}],"wp:term":[{"taxonomy":"category","embeddable":true,"href":"https:\/\/rnoticias.com.mx\/Portal\/wp-json\/wp\/v2\/categories?post=221555"},{"taxonomy":"post_tag","embeddable":true,"href":"https:\/\/rnoticias.com.mx\/Portal\/wp-json\/wp\/v2\/tags?post=221555"}],"curies":[{"name":"wp","href":"https:\/\/api.w.org\/{rel}","templated":true}]}}