{"id":221549,"date":"2025-06-13T18:46:25","date_gmt":"2025-06-14T01:46:25","guid":{"rendered":"https:\/\/rnoticias.com.mx\/Portal\/?p=221549"},"modified":"2025-06-13T18:46:25","modified_gmt":"2025-06-14T01:46:25","slug":"gobernador-durazo-acelera-segunda-etapa-de-rescate-de-la-sauceda-junto-al-sector-empresarial","status":"publish","type":"post","link":"https:\/\/rnoticias.com.mx\/Portal\/2025\/06\/13\/gobernador-durazo-acelera-segunda-etapa-de-rescate-de-la-sauceda-junto-al-sector-empresarial\/","title":{"rendered":"Gobernador Durazo acelera segunda etapa de rescate de La Sauceda junto al sector empresarial"},"content":{"rendered":"<p>Hermosillo, Sonora; 13 de junio de 2025.- Con la finalidad de embellecer la trotapista y reforzar el entorno natural del Bosque Urbano La Sauceda en su segunda etapa de rescate, el gobernador Alfonso Durazo Monta\u00f1o anunci\u00f3 que Grupo Alta realiz\u00f3 la donaci\u00f3n de 86 palmeras que ser\u00e1n plantadas en este emblem\u00e1tico espacio natural para las y los sonorenses.<\/p>\n<p>El mandatario estatal subray\u00f3 que, gracias a este tipo de colaboraciones, se avanza en la segunda etapa de modernizaci\u00f3n del Bosque Urbano, la cual contempla la reforestaci\u00f3n de cuatro mil \u00e1rboles nativos; \u2060\u2060senderos; \u2060\u2060skatepark; un laboratorio de educaci\u00f3n ambiental; \u2060\u2060el regreso de \u201cLa Burbuja\u201d; \u2060\u2060y otros espacios recreativos y educativos.<\/p>\n<p>\u201cCon enorme gusto quiero compartirles una gran muestra de solidaridad y compromiso social por parte del sector privado. Un grupo empresarial, el Grupo Alta ha donado al Gobierno del Estado 86 palmeras que ser\u00e1n plantadas en el Bosque Urbano La Sauceda. Gracias a este tipo de colaboraciones seguiremos avanzando con mayor facilidad en la segunda etapa de modernizaci\u00f3n del Bosque Urbano\u201d, expres\u00f3 el gobernador Durazo.<\/p>\n<p>Bajo el liderazgo del gobernador Alfonso Durazo, La Sauceda ha vuelto a ser el espacio de esparcimiento predilecto para las familias sonorenses, dejando de ser s\u00edmbolo de abandono, para representar una nueva etapa de dignidad y orgullo para todas y todos los hermosillenses.<\/p>\n","protected":false},"excerpt":{"rendered":"<p>Hermosillo, Sonora; 13 de junio de 2025.- Con la finalidad de embellecer la trotapista y reforzar el entorno natural del Bosque Urbano La Sauceda en su segunda etapa de rescate, el gobernador Alfonso Durazo Monta\u00f1o anunci\u00f3 que Grupo Alta realiz\u00f3 la donaci\u00f3n de 86 palmeras que ser\u00e1n plantadas en este emblem\u00e1tico espacio natural para las [&hellip;]<\/p>\n","protected":false},"author":2,"featured_media":221550,"comment_status":"closed","ping_status":"closed","sticky":false,"template":"","format":"standard","meta":{"footnotes":""},"categories":[12870,178],"tags":[12865,12869],"class_list":["post-221549","post","type-post","status-publish","format-standard","has-post-thumbnail","hentry","category-destacadas","category-local","tag-destacadas","tag-local"],"jetpack_featured_media_url":"https:\/\/rnoticias.com.mx\/Portal\/wp-content\/uploads\/2025\/06\/unnamed-1-35.jpg","amp_enabled":true,"_links":{"self":[{"href":"https:\/\/rnoticias.com.mx\/Portal\/wp-json\/wp\/v2\/posts\/221549","targetHints":{"allow":["GET"]}}],"collection":[{"href":"https:\/\/rnoticias.com.mx\/Portal\/wp-json\/wp\/v2\/posts"}],"about":[{"href":"https:\/\/rnoticias.com.mx\/Portal\/wp-json\/wp\/v2\/types\/post"}],"author":[{"embeddable":true,"href":"https:\/\/rnoticias.com.mx\/Portal\/wp-json\/wp\/v2\/users\/2"}],"replies":[{"embeddable":true,"href":"https:\/\/rnoticias.com.mx\/Portal\/wp-json\/wp\/v2\/comments?post=221549"}],"version-history":[{"count":1,"href":"https:\/\/rnoticias.com.mx\/Portal\/wp-json\/wp\/v2\/posts\/221549\/revisions"}],"predecessor-version":[{"id":221551,"href":"https:\/\/rnoticias.com.mx\/Portal\/wp-json\/wp\/v2\/posts\/221549\/revisions\/221551"}],"wp:featuredmedia":[{"embeddable":true,"href":"https:\/\/rnoticias.com.mx\/Portal\/wp-json\/wp\/v2\/media\/221550"}],"wp:attachment":[{"href":"https:\/\/rnoticias.com.mx\/Portal\/wp-json\/wp\/v2\/media?parent=221549"}],"wp:term":[{"taxonomy":"category","embeddable":true,"href":"https:\/\/rnoticias.com.mx\/Portal\/wp-json\/wp\/v2\/categories?post=221549"},{"taxonomy":"post_tag","embeddable":true,"href":"https:\/\/rnoticias.com.mx\/Portal\/wp-json\/wp\/v2\/tags?post=221549"}],"curies":[{"name":"wp","href":"https:\/\/api.w.org\/{rel}","templated":true}]}}