{"id":221543,"date":"2025-06-13T16:27:34","date_gmt":"2025-06-13T23:27:34","guid":{"rendered":"https:\/\/rnoticias.com.mx\/Portal\/?p=221543"},"modified":"2025-06-13T16:27:34","modified_gmt":"2025-06-13T23:27:34","slug":"recibe-sujeto-24-anos-de-prision-por-tentativa-de-homicidio-contra-personal-de-amic-y-defensa-en-caborca","status":"publish","type":"post","link":"https:\/\/rnoticias.com.mx\/Portal\/2025\/06\/13\/recibe-sujeto-24-anos-de-prision-por-tentativa-de-homicidio-contra-personal-de-amic-y-defensa-en-caborca\/","title":{"rendered":"Recibe sujeto 24 a\u00f1os de prisi\u00f3n por tentativa de homicidio contra personal de AMIC y DEFENSA en Caborca"},"content":{"rendered":"<p>Caborca, Sonora, 13 de junio de 2025.- Ante los pruebas presentadas por la Fiscal\u00eda General de Justicia del Estado de Sonora (FGJES), Alejandro \u201cN\u201d, de 31 a\u00f1os, recibi\u00f3 una pena global de 24 a\u00f1os de prisi\u00f3n tras acogerse al procedimiento abreviado por su responsabilidad en el delito de tentativa de homicidio calificado con alevos\u00eda y en contra de funcionarios p\u00fablicos cometidos en agravio de elementos de la AMIC y DEFENSA, en Caborca.<\/p>\n<p>En audiencia de debate previa al Juicio Oral, el imputado y su defensa optaron por esta forma anticipada de terminaci\u00f3n del proceso penal, al reconocer los hechos y aceptar la pena impuesta, tras las pl\u00e1ticas sostenidas con la representaci\u00f3n del Ministerio P\u00fablico.<\/p>\n<p>Los hechos ocurrieron el 6 de enero de 2024, cuando, derivado de un reporte al C5 por detonaciones de arma de fuego en las inmediaciones del Cerro de la Virgen, en Caborca, Sonora, personal de la Agencia Ministerial de Investigaci\u00f3n Criminal (AMIC) y de la Secretar\u00eda de la Defensa Nacional (DEFENSA) realiz\u00f3 un operativo de vigilancia en la zona.<\/p>\n<p>Al circular por el kil\u00f3metro 10 de la carretera Caborca\u2013El Desemboque, cerca del sitio arqueol\u00f3gico, elementos del operativo observaron a un masculino oculto entre las rocas con un arma larga tipo fusil.<\/p>\n<p>Al notar la presencia de las unidades oficiales, el ahora sentenciado comenz\u00f3 a realizar disparos directos con un fusil calibre 7.62&#215;39, dirigidos contra la unidad que encabezaba la movilizaci\u00f3n con varios elementos.<\/p>\n<p>El ataque fue repelido y el agresor detenido. Las v\u00edctimas directas de esta agresi\u00f3n armada fueron cuatro funcionarios p\u00fablicos; tres elementos de la AMIC y un efectivo de DEFENSA, todos resultaron ilesos tras la agresi\u00f3n.<\/p>\n<p>Con esta resoluci\u00f3n judicial, la Fiscal\u00eda General de Justicia del Estado de Sonora reafirma su compromiso institucional de procurar justicia de forma firme, eficaz y con apego a derecho, especialmente en casos en los que se atenta contra la integridad de los cuerpos de seguridad.<\/p>\n","protected":false},"excerpt":{"rendered":"<p>Caborca, Sonora, 13 de junio de 2025.- Ante los pruebas presentadas por la Fiscal\u00eda General de Justicia del Estado de Sonora (FGJES), Alejandro \u201cN\u201d, de 31 a\u00f1os, recibi\u00f3 una pena global de 24 a\u00f1os de prisi\u00f3n tras acogerse al procedimiento abreviado por su responsabilidad en el delito de tentativa de homicidio calificado con alevos\u00eda y [&hellip;]<\/p>\n","protected":false},"author":2,"featured_media":221544,"comment_status":"closed","ping_status":"closed","sticky":false,"template":"","format":"standard","meta":{"footnotes":""},"categories":[12870,174],"tags":[12865,12873],"class_list":["post-221543","post","type-post","status-publish","format-standard","has-post-thumbnail","hentry","category-destacadas","category-estatal","tag-destacadas","tag-estatal"],"jetpack_featured_media_url":"https:\/\/rnoticias.com.mx\/Portal\/wp-content\/uploads\/2025\/06\/ac66f979-f8d1-4e89-b8c7-d6ce132f77b0.jpg","amp_enabled":true,"_links":{"self":[{"href":"https:\/\/rnoticias.com.mx\/Portal\/wp-json\/wp\/v2\/posts\/221543","targetHints":{"allow":["GET"]}}],"collection":[{"href":"https:\/\/rnoticias.com.mx\/Portal\/wp-json\/wp\/v2\/posts"}],"about":[{"href":"https:\/\/rnoticias.com.mx\/Portal\/wp-json\/wp\/v2\/types\/post"}],"author":[{"embeddable":true,"href":"https:\/\/rnoticias.com.mx\/Portal\/wp-json\/wp\/v2\/users\/2"}],"replies":[{"embeddable":true,"href":"https:\/\/rnoticias.com.mx\/Portal\/wp-json\/wp\/v2\/comments?post=221543"}],"version-history":[{"count":1,"href":"https:\/\/rnoticias.com.mx\/Portal\/wp-json\/wp\/v2\/posts\/221543\/revisions"}],"predecessor-version":[{"id":221545,"href":"https:\/\/rnoticias.com.mx\/Portal\/wp-json\/wp\/v2\/posts\/221543\/revisions\/221545"}],"wp:featuredmedia":[{"embeddable":true,"href":"https:\/\/rnoticias.com.mx\/Portal\/wp-json\/wp\/v2\/media\/221544"}],"wp:attachment":[{"href":"https:\/\/rnoticias.com.mx\/Portal\/wp-json\/wp\/v2\/media?parent=221543"}],"wp:term":[{"taxonomy":"category","embeddable":true,"href":"https:\/\/rnoticias.com.mx\/Portal\/wp-json\/wp\/v2\/categories?post=221543"},{"taxonomy":"post_tag","embeddable":true,"href":"https:\/\/rnoticias.com.mx\/Portal\/wp-json\/wp\/v2\/tags?post=221543"}],"curies":[{"name":"wp","href":"https:\/\/api.w.org\/{rel}","templated":true}]}}