{"id":221531,"date":"2025-06-13T16:02:56","date_gmt":"2025-06-13T23:02:56","guid":{"rendered":"https:\/\/rnoticias.com.mx\/Portal\/?p=221531"},"modified":"2025-06-13T16:02:56","modified_gmt":"2025-06-13T23:02:56","slug":"gobierno-de-sonora-informa-que-tormenta-dalila-no-afectara-al-estado-y-anticipa-fin-de-semana-con-calor-cepc","status":"publish","type":"post","link":"https:\/\/rnoticias.com.mx\/Portal\/2025\/06\/13\/gobierno-de-sonora-informa-que-tormenta-dalila-no-afectara-al-estado-y-anticipa-fin-de-semana-con-calor-cepc\/","title":{"rendered":"Gobierno de Sonora informa que tormenta \u201cDalila\u201d no afectar\u00e1 al estado y anticipa fin de semana con calor: CEPC"},"content":{"rendered":"<p align=\"justify\">Hermosillo, Sonora; 13 de junio de 2025.- La Tormenta Tropical \u201cDalila\u201d, ubicada frente a las costas de Guerrero en el Oc\u00e9ano Pac\u00edfico, no representa riesgo para Sonora. En cambio, se pronostica un fin de semana con cielos despejados y temperaturas muy altas en gran parte del estado.<\/p>\n<p align=\"justify\">La Coordinaci\u00f3n Estatal de Protecci\u00f3n Civil (CEPC) de Sonora hizo un llamado a la poblaci\u00f3n a tomar precauciones durante los festejos del D\u00eda del Padre, debido a las condiciones de calor extremo y ausencia de lluvias en la regi\u00f3n.<\/p>\n<p align=\"justify\">Armando Casta\u00f1eda S\u00e1nchez, coordinador estatal de Protecci\u00f3n Civil, inform\u00f3 que la Tormenta Tropical \u201cDalila\u201d se desplaza hacia el oeste, alej\u00e1ndose progresivamente de las costas mexicanas, por lo que no se esperan afectaciones en Sonora.<\/p>\n<p align=\"justify\">Para este fin de semana, se prev\u00e9n temperaturas m\u00e1ximas de entre 42 y 46 grados Celsius a la sombra, incluso superiores en algunas zonas puntuales del centro, sur y oriente del estado.<\/p>\n<p align=\"justify\">Con el objetivo de brindar apoyo a la poblaci\u00f3n vulnerable durante la temporada de calor, la CEPC implementa el Programa de Hidrataci\u00f3n y Recorridos Conjuntos de Autoridades, en coordinaci\u00f3n con los gobiernos municipales y la cadena comercial Oxxo.<\/p>\n<p align=\"justify\">En el marco de este programa, se distribuyen 83 mil litros de agua entre las personas m\u00e1s vulnerables en distintas regiones del estado. Adem\u00e1s, se inform\u00f3 que el pr\u00f3ximo mi\u00e9rcoles se llevar\u00e1 a cabo la entrega de m\u00e1s de mil litros de agua en municipios de la regi\u00f3n noroeste de Sonora.<\/p>\n","protected":false},"excerpt":{"rendered":"<p>Hermosillo, Sonora; 13 de junio de 2025.- La Tormenta Tropical \u201cDalila\u201d, ubicada frente a las costas de Guerrero en el Oc\u00e9ano Pac\u00edfico, no representa riesgo para Sonora. En cambio, se pronostica un fin de semana con cielos despejados y temperaturas muy altas en gran parte del estado. La Coordinaci\u00f3n Estatal de Protecci\u00f3n Civil (CEPC) de [&hellip;]<\/p>\n","protected":false},"author":2,"featured_media":221532,"comment_status":"closed","ping_status":"closed","sticky":false,"template":"","format":"standard","meta":{"footnotes":""},"categories":[12870,178],"tags":[12865,12869],"class_list":["post-221531","post","type-post","status-publish","format-standard","has-post-thumbnail","hentry","category-destacadas","category-local","tag-destacadas","tag-local"],"jetpack_featured_media_url":"https:\/\/rnoticias.com.mx\/Portal\/wp-content\/uploads\/2025\/06\/unnamed-58.jpg","amp_enabled":true,"_links":{"self":[{"href":"https:\/\/rnoticias.com.mx\/Portal\/wp-json\/wp\/v2\/posts\/221531","targetHints":{"allow":["GET"]}}],"collection":[{"href":"https:\/\/rnoticias.com.mx\/Portal\/wp-json\/wp\/v2\/posts"}],"about":[{"href":"https:\/\/rnoticias.com.mx\/Portal\/wp-json\/wp\/v2\/types\/post"}],"author":[{"embeddable":true,"href":"https:\/\/rnoticias.com.mx\/Portal\/wp-json\/wp\/v2\/users\/2"}],"replies":[{"embeddable":true,"href":"https:\/\/rnoticias.com.mx\/Portal\/wp-json\/wp\/v2\/comments?post=221531"}],"version-history":[{"count":1,"href":"https:\/\/rnoticias.com.mx\/Portal\/wp-json\/wp\/v2\/posts\/221531\/revisions"}],"predecessor-version":[{"id":221533,"href":"https:\/\/rnoticias.com.mx\/Portal\/wp-json\/wp\/v2\/posts\/221531\/revisions\/221533"}],"wp:featuredmedia":[{"embeddable":true,"href":"https:\/\/rnoticias.com.mx\/Portal\/wp-json\/wp\/v2\/media\/221532"}],"wp:attachment":[{"href":"https:\/\/rnoticias.com.mx\/Portal\/wp-json\/wp\/v2\/media?parent=221531"}],"wp:term":[{"taxonomy":"category","embeddable":true,"href":"https:\/\/rnoticias.com.mx\/Portal\/wp-json\/wp\/v2\/categories?post=221531"},{"taxonomy":"post_tag","embeddable":true,"href":"https:\/\/rnoticias.com.mx\/Portal\/wp-json\/wp\/v2\/tags?post=221531"}],"curies":[{"name":"wp","href":"https:\/\/api.w.org\/{rel}","templated":true}]}}