{"id":221528,"date":"2025-06-13T16:01:59","date_gmt":"2025-06-13T23:01:59","guid":{"rendered":"https:\/\/rnoticias.com.mx\/Portal\/?p=221528"},"modified":"2025-06-13T16:01:59","modified_gmt":"2025-06-13T23:01:59","slug":"gobierno-de-sonora-premia-las-mejores-sentencias-con-enfoque-de-infancia-y-adolescencia","status":"publish","type":"post","link":"https:\/\/rnoticias.com.mx\/Portal\/2025\/06\/13\/gobierno-de-sonora-premia-las-mejores-sentencias-con-enfoque-de-infancia-y-adolescencia\/","title":{"rendered":"Gobierno de Sonora premia las mejores sentencias con enfoque de infancia y adolescencia"},"content":{"rendered":"<p align=\"justify\">Hermosillo, Sonora; 13 de junio de 2025.- Con el respaldo del gobernador Alfonso Durazo Monta\u00f1o y en coordinaci\u00f3n con el Poder Judicial del Estado, se llev\u00f3 a cabo la ceremonia de premiaci\u00f3n del Primer Concurso Estatal de Sentencias con Perspectiva de Derechos de Infancia y Adolescencia, impulsado por la Secretar\u00eda Ejecutiva del Sipinna Sonora. Esta iniciativa es pionera en el pa\u00eds y se perfila como un referente para otras entidades.<\/p>\n<p align=\"justify\">De las 43 sentencias participantes, el jurado \u2014integrado por especialistas de Unicef, la Oficina de la Defensor\u00eda de los Derechos de la Infancia (ODDI) y representantes de la academia\u2014 seleccion\u00f3 tres resoluciones destacadas por incorporar est\u00e1ndares internacionales y el principio de inter\u00e9s superior de la ni\u00f1ez. Las personas galardonadas fueron: Mar\u00eda del Carmen Soto Esquer (<a href=\"http:\/\/1.er\/\" target=\"_blank\" rel=\"noopener\" data-saferedirecturl=\"https:\/\/www.google.com\/url?q=http:\/\/1.er&amp;source=gmail&amp;ust=1749938421043000&amp;usg=AOvVaw3IpueXbf2X1CWY2sy4zPAJ\">1.er<\/a>\u00a0lugar), Diana Patricia Guti\u00e9rrez Roch\u00edn (2.\u00ba lugar) y Octavio Castrej\u00f3n Mart\u00ednez (<a href=\"http:\/\/3.er\/\" target=\"_blank\" rel=\"noopener\" data-saferedirecturl=\"https:\/\/www.google.com\/url?q=http:\/\/3.er&amp;source=gmail&amp;ust=1749938421043000&amp;usg=AOvVaw1W6bIrHR5aOTNAzoABgupu\">3.er<\/a>\u00a0lugar), con premios de 50 mil, 30 mil y 20 mil pesos, respectivamente.<\/p>\n<p align=\"justify\">Durante el evento, la Mtra. Carmen Luc\u00eda Mungu\u00eda Gallegos, secretaria ejecutiva del Sipinna Sonora, expres\u00f3: \u201cLa intenci\u00f3n de estos concursos es, primeramente, hacer visible y reconocer el trabajo que realizan juezas, jueces y proyectistas, y que queda invisible para la sociedad. Es muy positivo que la gente conozca la forma en que se protege y defiende a las ni\u00f1as, ni\u00f1os y adolescentes desde estos espacios\u201d.<\/p>\n<p align=\"justify\">Magistradas y magistrados reconocieron que esta iniciativa fortalece la formaci\u00f3n judicial y establece precedentes claros sobre el inter\u00e9s superior de la ni\u00f1ez. Asimismo, se destac\u00f3 la colaboraci\u00f3n con Sipinna nacional para replicar el modelo en otras entidades federativas.<\/p>\n<p align=\"justify\">Con esta acci\u00f3n, Sonora consolida su liderazgo en la construcci\u00f3n de una justicia sensible, garante de derechos y con perspectiva de infancia y adolescencia, refrendando el compromiso de avanzar hacia un estado m\u00e1s justo, incluyente y con oportunidades para todas y todos.<\/p>\n","protected":false},"excerpt":{"rendered":"<p>Hermosillo, Sonora; 13 de junio de 2025.- Con el respaldo del gobernador Alfonso Durazo Monta\u00f1o y en coordinaci\u00f3n con el Poder Judicial del Estado, se llev\u00f3 a cabo la ceremonia de premiaci\u00f3n del Primer Concurso Estatal de Sentencias con Perspectiva de Derechos de Infancia y Adolescencia, impulsado por la Secretar\u00eda Ejecutiva del Sipinna Sonora. Esta [&hellip;]<\/p>\n","protected":false},"author":2,"featured_media":221529,"comment_status":"closed","ping_status":"closed","sticky":false,"template":"","format":"standard","meta":{"footnotes":""},"categories":[178],"tags":[12869],"class_list":["post-221528","post","type-post","status-publish","format-standard","has-post-thumbnail","hentry","category-local","tag-local"],"jetpack_featured_media_url":"https:\/\/rnoticias.com.mx\/Portal\/wp-content\/uploads\/2025\/06\/unnamed-57.jpg","amp_enabled":true,"_links":{"self":[{"href":"https:\/\/rnoticias.com.mx\/Portal\/wp-json\/wp\/v2\/posts\/221528","targetHints":{"allow":["GET"]}}],"collection":[{"href":"https:\/\/rnoticias.com.mx\/Portal\/wp-json\/wp\/v2\/posts"}],"about":[{"href":"https:\/\/rnoticias.com.mx\/Portal\/wp-json\/wp\/v2\/types\/post"}],"author":[{"embeddable":true,"href":"https:\/\/rnoticias.com.mx\/Portal\/wp-json\/wp\/v2\/users\/2"}],"replies":[{"embeddable":true,"href":"https:\/\/rnoticias.com.mx\/Portal\/wp-json\/wp\/v2\/comments?post=221528"}],"version-history":[{"count":1,"href":"https:\/\/rnoticias.com.mx\/Portal\/wp-json\/wp\/v2\/posts\/221528\/revisions"}],"predecessor-version":[{"id":221530,"href":"https:\/\/rnoticias.com.mx\/Portal\/wp-json\/wp\/v2\/posts\/221528\/revisions\/221530"}],"wp:featuredmedia":[{"embeddable":true,"href":"https:\/\/rnoticias.com.mx\/Portal\/wp-json\/wp\/v2\/media\/221529"}],"wp:attachment":[{"href":"https:\/\/rnoticias.com.mx\/Portal\/wp-json\/wp\/v2\/media?parent=221528"}],"wp:term":[{"taxonomy":"category","embeddable":true,"href":"https:\/\/rnoticias.com.mx\/Portal\/wp-json\/wp\/v2\/categories?post=221528"},{"taxonomy":"post_tag","embeddable":true,"href":"https:\/\/rnoticias.com.mx\/Portal\/wp-json\/wp\/v2\/tags?post=221528"}],"curies":[{"name":"wp","href":"https:\/\/api.w.org\/{rel}","templated":true}]}}