{"id":221513,"date":"2025-06-13T14:21:34","date_gmt":"2025-06-13T21:21:34","guid":{"rendered":"https:\/\/rnoticias.com.mx\/Portal\/?p=221513"},"modified":"2025-06-13T14:21:34","modified_gmt":"2025-06-13T21:21:34","slug":"presenta-diputada-diana-karina-barreras-iniciativa-de-ley-que-garantiza-el-derecho-a-la-salud-para-personas-que-viven-con-enfermedad-celiaca-en-mexico","status":"publish","type":"post","link":"https:\/\/rnoticias.com.mx\/Portal\/2025\/06\/13\/presenta-diputada-diana-karina-barreras-iniciativa-de-ley-que-garantiza-el-derecho-a-la-salud-para-personas-que-viven-con-enfermedad-celiaca-en-mexico\/","title":{"rendered":"Presenta Diputada Diana Karina Barreras, iniciativa de ley que garantiza el derecho a la salud para personas que viven con enfermedad cel\u00edaca en M\u00e9xico"},"content":{"rendered":"<p>Ciudad de Mexico a 13 de junio del 2025.- La Diputada Federal por Hermosillo, Diana Karina Barreras present\u00f3 esta semana, ante el pleno del Congreso de la Uni\u00f3n, una inciativa de ley que regula y garantiza los derechos en la salud a millones de personas que viven con enfermedad cel\u00edaca en Mexico.<\/p>\n<p>La enfermedad cel\u00edaca es una condici\u00f3n autoinmune cr\u00f3nica que se desencadena por el consumo de gluten, una prote\u00edna presente en el trigo, la cebada, el centeno y la avena, que genera una reacci\u00f3n inmunol\u00f3gica en el intestino delgado, da\u00f1ando las vellosidades intestinales e impidiendo la correcta absorci\u00f3n de nutrientes. Si no se trata, puede causar desde s\u00edntomas digestivos hasta complicaciones graves como infertilidad, osteoporosis, depresi\u00f3n o incluso ciertos tipos de c\u00e1ncer intestinal.<\/p>\n<p>La ausencia de una legislaci\u00f3n en esta materia en M\u00e9xico representa una brecha de derechos humanos y una deuda hist\u00f3rica con una poblaci\u00f3n invisible pero cada vez m\u00e1s diagnosticada. Esta iniciativa propone una reforma integral a la Ley General de Salud, con el fin de:<\/p>\n<p>&#8211; Visibilizar la enfermedad cel\u00edaca en la legislaci\u00f3n nacional;<br \/>\n&#8211; Garantizar men\u00fas sin gluten seguros en espacios p\u00fablicos;<br \/>\n&#8211; Establecer formaci\u00f3n obligatoria para el personal que maneja alimentos;<br \/>\n&#8211; Crear una credencial oficial para cel\u00edacos emitida por la Secretar\u00eda de Salud;<br \/>\n&#8211; Promover campa\u00f1as de sensibilizaci\u00f3n; y<br \/>\n&#8211; Desarrollar una red de establecimientos certificados como \u201cSin Gluten Seguro\u201d.<\/p>\n<p>\u201cTrabajamos por los que mas nos necesitan, y esta inciativa es para garantizar los derechos en la salud de una poblaci\u00f3n invisible para muchos, porque cuidar la salud no es un privilegio: es un derecho. Y las personas cel\u00edacas no pueden seguir enfrentando barreras para algo tan b\u00e1sico como alimentarse sin miedo\u201d expres\u00f3 Barreras Samaniego.<\/p>\n<p>En M\u00e9xico, entre el 1% y el 2% de la poblaci\u00f3n podr\u00eda vivir con enfermedad cel\u00edaca, sin embargo, el subdiagn\u00f3stico es cr\u00edtico: hay quienes estiman que m\u00e1s de 20 millones de mexicanas y mexicanos podr\u00edan padecerla sin saberlo.<\/p>\n","protected":false},"excerpt":{"rendered":"<p>Ciudad de Mexico a 13 de junio del 2025.- La Diputada Federal por Hermosillo, Diana Karina Barreras present\u00f3 esta semana, ante el pleno del Congreso de la Uni\u00f3n, una inciativa de ley que regula y garantiza los derechos en la salud a millones de personas que viven con enfermedad cel\u00edaca en Mexico. La enfermedad cel\u00edaca [&hellip;]<\/p>\n","protected":false},"author":2,"featured_media":221514,"comment_status":"closed","ping_status":"closed","sticky":false,"template":"","format":"standard","meta":{"footnotes":""},"categories":[12870,12868],"tags":[12865,12879],"class_list":["post-221513","post","type-post","status-publish","format-standard","has-post-thumbnail","hentry","category-destacadas","category-politica","tag-destacadas","tag-politica"],"jetpack_featured_media_url":"https:\/\/rnoticias.com.mx\/Portal\/wp-content\/uploads\/2025\/06\/d6c921c6-093f-4185-ae34-77881ee23646.jpg","amp_enabled":true,"_links":{"self":[{"href":"https:\/\/rnoticias.com.mx\/Portal\/wp-json\/wp\/v2\/posts\/221513","targetHints":{"allow":["GET"]}}],"collection":[{"href":"https:\/\/rnoticias.com.mx\/Portal\/wp-json\/wp\/v2\/posts"}],"about":[{"href":"https:\/\/rnoticias.com.mx\/Portal\/wp-json\/wp\/v2\/types\/post"}],"author":[{"embeddable":true,"href":"https:\/\/rnoticias.com.mx\/Portal\/wp-json\/wp\/v2\/users\/2"}],"replies":[{"embeddable":true,"href":"https:\/\/rnoticias.com.mx\/Portal\/wp-json\/wp\/v2\/comments?post=221513"}],"version-history":[{"count":1,"href":"https:\/\/rnoticias.com.mx\/Portal\/wp-json\/wp\/v2\/posts\/221513\/revisions"}],"predecessor-version":[{"id":221515,"href":"https:\/\/rnoticias.com.mx\/Portal\/wp-json\/wp\/v2\/posts\/221513\/revisions\/221515"}],"wp:featuredmedia":[{"embeddable":true,"href":"https:\/\/rnoticias.com.mx\/Portal\/wp-json\/wp\/v2\/media\/221514"}],"wp:attachment":[{"href":"https:\/\/rnoticias.com.mx\/Portal\/wp-json\/wp\/v2\/media?parent=221513"}],"wp:term":[{"taxonomy":"category","embeddable":true,"href":"https:\/\/rnoticias.com.mx\/Portal\/wp-json\/wp\/v2\/categories?post=221513"},{"taxonomy":"post_tag","embeddable":true,"href":"https:\/\/rnoticias.com.mx\/Portal\/wp-json\/wp\/v2\/tags?post=221513"}],"curies":[{"name":"wp","href":"https:\/\/api.w.org\/{rel}","templated":true}]}}