{"id":221510,"date":"2025-06-13T13:38:20","date_gmt":"2025-06-13T20:38:20","guid":{"rendered":"https:\/\/rnoticias.com.mx\/Portal\/?p=221510"},"modified":"2025-06-13T13:38:20","modified_gmt":"2025-06-13T20:38:20","slug":"impulsa-gobierno-de-sonora-programa-para-erradicar-la-desigualdad-de-genero-en-la-ues","status":"publish","type":"post","link":"https:\/\/rnoticias.com.mx\/Portal\/2025\/06\/13\/impulsa-gobierno-de-sonora-programa-para-erradicar-la-desigualdad-de-genero-en-la-ues\/","title":{"rendered":"Impulsa Gobierno de Sonora programa para erradicar la desigualdad de g\u00e9nero en la UES"},"content":{"rendered":"<p>Hermosillo, Sonora; 13 de junio de 2025.- Con el respaldo del Gobierno de Sonora, la Universidad Estatal de Sonora (UES) present\u00f3 a la comunidad universitaria el Programa de Igualdad Sustantiva, una estrategia institucional orientada a erradicar barreras estructurales y culturales que perpet\u00faan la desigualdad de g\u00e9nero dentro del \u00e1mbito universitario.<\/p>\n<p>El programa establece cuatro objetivos prioritarios: promover la igualdad entre mujeres y hombres; incluir la perspectiva de g\u00e9nero en todas las pol\u00edticas universitarias; sensibilizar a la comunidad universitaria; y reducir las brechas en oportunidades, \u00e1reas de conocimiento y liderazgo.<\/p>\n<p>Martha Patricia Pati\u00f1o Fierro, rectora de la UES, se\u00f1al\u00f3 que este esfuerzo representa un paso firme en materia de igualdad de g\u00e9nero en la vida universitaria, el cual conjunta diversos esfuerzos en un programa institucional y se alinea con la agenda de igualdad que impulsan el gobernador Alfonso Durazo y la presidenta Claudia Sheinbaum.<\/p>\n<p>\u201cImpulsar la igualdad sustantiva no es un gesto simb\u00f3lico, es una acci\u00f3n estrat\u00e9gica para consolidar una comunidad respetuosa, libre de violencia y con oportunidades reales para todas y todos. Esta universidad asume su papel transformador con responsabilidad y convicci\u00f3n\u201d, expres\u00f3.<\/p>\n<p>El programa se articula en cinco l\u00edneas de acci\u00f3n: pol\u00edticas institucionales; capacitaci\u00f3n y sensibilizaci\u00f3n; rutas art\u00edstico-culturales; producci\u00f3n acad\u00e9mica e investigaci\u00f3n; y atenci\u00f3n psicol\u00f3gica y jur\u00eddica mediante espacios seguros.<\/p>\n<p>Entre las actividades clave que se desarrollar\u00e1n en las unidades de San Luis R\u00edo Colorado, Hermosillo, Navojoa, Magdalena y Benito Ju\u00e1rez, se contemplan talleres, campa\u00f1as de comunicaci\u00f3n, convenios interinstitucionales, el desarrollo de una plataforma virtual para capacitaci\u00f3n continua y el uso de indicadores inclusivos para evaluar el nivel de accesibilidad, equidad e inclusi\u00f3n en toda la instituci\u00f3n.<\/p>\n","protected":false},"excerpt":{"rendered":"<p>Hermosillo, Sonora; 13 de junio de 2025.- Con el respaldo del Gobierno de Sonora, la Universidad Estatal de Sonora (UES) present\u00f3 a la comunidad universitaria el Programa de Igualdad Sustantiva, una estrategia institucional orientada a erradicar barreras estructurales y culturales que perpet\u00faan la desigualdad de g\u00e9nero dentro del \u00e1mbito universitario. El programa establece cuatro objetivos [&hellip;]<\/p>\n","protected":false},"author":2,"featured_media":221511,"comment_status":"closed","ping_status":"closed","sticky":false,"template":"","format":"standard","meta":{"footnotes":""},"categories":[178],"tags":[12869],"class_list":["post-221510","post","type-post","status-publish","format-standard","has-post-thumbnail","hentry","category-local","tag-local"],"jetpack_featured_media_url":"https:\/\/rnoticias.com.mx\/Portal\/wp-content\/uploads\/2025\/06\/unnamed-1-33.jpg","amp_enabled":true,"_links":{"self":[{"href":"https:\/\/rnoticias.com.mx\/Portal\/wp-json\/wp\/v2\/posts\/221510","targetHints":{"allow":["GET"]}}],"collection":[{"href":"https:\/\/rnoticias.com.mx\/Portal\/wp-json\/wp\/v2\/posts"}],"about":[{"href":"https:\/\/rnoticias.com.mx\/Portal\/wp-json\/wp\/v2\/types\/post"}],"author":[{"embeddable":true,"href":"https:\/\/rnoticias.com.mx\/Portal\/wp-json\/wp\/v2\/users\/2"}],"replies":[{"embeddable":true,"href":"https:\/\/rnoticias.com.mx\/Portal\/wp-json\/wp\/v2\/comments?post=221510"}],"version-history":[{"count":1,"href":"https:\/\/rnoticias.com.mx\/Portal\/wp-json\/wp\/v2\/posts\/221510\/revisions"}],"predecessor-version":[{"id":221512,"href":"https:\/\/rnoticias.com.mx\/Portal\/wp-json\/wp\/v2\/posts\/221510\/revisions\/221512"}],"wp:featuredmedia":[{"embeddable":true,"href":"https:\/\/rnoticias.com.mx\/Portal\/wp-json\/wp\/v2\/media\/221511"}],"wp:attachment":[{"href":"https:\/\/rnoticias.com.mx\/Portal\/wp-json\/wp\/v2\/media?parent=221510"}],"wp:term":[{"taxonomy":"category","embeddable":true,"href":"https:\/\/rnoticias.com.mx\/Portal\/wp-json\/wp\/v2\/categories?post=221510"},{"taxonomy":"post_tag","embeddable":true,"href":"https:\/\/rnoticias.com.mx\/Portal\/wp-json\/wp\/v2\/tags?post=221510"}],"curies":[{"name":"wp","href":"https:\/\/api.w.org\/{rel}","templated":true}]}}