{"id":221507,"date":"2025-06-13T13:37:34","date_gmt":"2025-06-13T20:37:34","guid":{"rendered":"https:\/\/rnoticias.com.mx\/Portal\/?p=221507"},"modified":"2025-06-13T13:37:34","modified_gmt":"2025-06-13T20:37:34","slug":"toma-protesta-jesus-alonso-duron-montano-como-comisario-general-de-la-jefatura-de-policia-preventiva-y-transito-municipal","status":"publish","type":"post","link":"https:\/\/rnoticias.com.mx\/Portal\/2025\/06\/13\/toma-protesta-jesus-alonso-duron-montano-como-comisario-general-de-la-jefatura-de-policia-preventiva-y-transito-municipal\/","title":{"rendered":"Toma protesta Jes\u00fas Alonso Dur\u00f3n Monta\u00f1o como Comisario General de la Jefatura de Polic\u00eda Preventiva y Tr\u00e1nsito Municipal"},"content":{"rendered":"<p>Hermosillo, Sonora; 13 de junio, 2025.- Por unanimidad de los integrantes de Cabildo, Jes\u00fas Alonso Dur\u00f3n Monta\u00f1o, quien cuenta con una experiencia de m\u00e1s de 23 a\u00f1os de carrera, tom\u00f3 protesta como Comisario General de la Jefatura de Polic\u00eda Preventiva y Tr\u00e1nsito Municipal de Hermosillo, en sesi\u00f3n ordinaria de Cabildo.<\/p>\n<p>El presidente municipal Antonio Astiazar\u00e1n Guti\u00e9rrez reconoci\u00f3 al nuevo Comisario General como un polic\u00eda de carrera comprometido con la corporaci\u00f3n policiaca, con qui\u00e9n continuar\u00e1n trabajando para seguir blindando a Hermosillo por el bien y seguridad de las familias hermosillenses en coordinaci\u00f3n con los dem\u00e1s niveles de gobierno.<\/p>\n<p>Dur\u00f3n Monta\u00f1o dijo que es un honor representar este cargo, lo que permitir\u00e1 trabajar en equipo con los elementos de la corporaci\u00f3n para mejorar el servicio y combatir el crimen en cada colonia de Hermosillo.<\/p>\n<p>Trabajaremos muy de cerca con la gente, procurando siempre ir un paso adelante del crimen, con tecnolog\u00eda, inteligencia y compromiso. Queremos que la gente de Hermosillo cuenta con nosotros, puntualiz\u00f3.<\/p>\n<p>En cumplimiento con el art\u00edculo 24, fracci\u00f3n cuarta del reglamento que establece lineamientos del Comit\u00e9 Ciudadano de Seguridad P\u00fablica del municipio de Hermosillo, as\u00ed como de los art\u00edculos 83 de la Ley de Seguridad P\u00fablica para el Estado de Sonora y 61 fracci\u00f3n terciaria, inciso J y 93 de la Ley de Gobierno y Administraci\u00f3n Municipal para el Estado de Sonora, el Presidente Municipal remiti\u00f3 formalmente al Comit\u00e9 Ciudadano la terna de candidatos para el cargo de comisario mediante con fecha el 10 de junio de 2025, que la conformaban Jes\u00fas Alonso Dur\u00f3n Monta\u00f1o, Luis Fernando Ram\u00edrez Salcido y Christian Alberto Estrella Jurado.<\/p>\n<p>Nacido el 6 de febrero de 1979, con 23 a\u00f1os de servicio dentro de la corporaci\u00f3n municipal, Dur\u00f3n Monta\u00f1o es licenciado en Derecho, ha desempe\u00f1ado diversos cargos como: Comisario Jefe, comisario general interino, Director del Departamento de Tr\u00e1nsito, Supervisor General, Responsable del Grupo Motorizado de Tr\u00e1nsito, entre otros.<\/p>\n<p>Desde el pasado 9 de junio el Presidente Municipal lo design\u00f3 como comisario general provisional de la Jefatura de Polic\u00eda Preventiva y Tr\u00e1nsito Municipal, ante la renuncia del anterior.<\/p>\n<p>Tiene diplomas y reconocimientos como &#8220;Diplomado para mandos de polic\u00eda preventivo municipal&#8221;; por la primera pr\u00e1ctica de tiro de combate; por sus 10 a\u00f1os de labores al servicio del Ayuntamiento de Hermosillo; por obtener el segundo lugar por equipos en el Campeonato Nacional 2013; y de tiro de combate desarrollado durante el 5to. Congreso Nacional Especializado en T\u00e9cnicas y T\u00e1cticas Swat y Certificaci\u00f3n Internacional Glock Perfection.<\/p>\n<p>En la sesi\u00f3n tambi\u00e9n se autoriz\u00f3 el dictamen de la Comisi\u00f3n de Anticorrupci\u00f3n, Transparencia y Modernizaci\u00f3n Municipal, sobre la iniciativa de expedici\u00f3n del \u201cReglamento Municipal Anticorrupci\u00f3n de Hermosillo\u201d, con el objeto de establecer las Bases Normativas y Operativas para la Prevenci\u00f3n y Sanci\u00f3n de Hechos de Corrupci\u00f3n en la Administraci\u00f3n P\u00fablica Municipal.<\/p>\n<p>Comisiones de Jes\u00fas Alonso Dur\u00f3n Monta\u00f1o:<\/p>\n<p>15\/11\/2021- Comisario jefe de la jefatura de Polic\u00eda Preventiva y Tr\u00e1nsito municipal<br \/>\n17\/09\/2021- Supervisor general<br \/>\n28\/06\/2021- Comisario general interino al 16\/09\/2021<br \/>\n05\/04\/2021- Supervisor general10\/09\/2019<br \/>\n19\/09\/2018- Director de tr\u00e1nsito<br \/>\n19\/06\/2017- Tr\u00e1nsito Zona 1 Centro responsable de zona<br \/>\n03\/11\/2015- Tr\u00e1nsito zona 3 Villa de Seris responsable de departamento<br \/>\n28\/07\/2014- Tr\u00e1nsito zona centro responsable del grupo motorizado<br \/>\n02\/08\/2013- Responsable de tr\u00e1nsito zona 1 comisionado<br \/>\n20\/09\/2012- Responsable de turno del grupo motorizado de tr\u00e1nsito comisionado<br \/>\n07\/11\/2011- Responsable de grupo motorizado de tr\u00e1nsito comisionado<br \/>\n11\/08\/2011- Responsable de turno grupo motorizado de tr\u00e1nsito comisionado<br \/>\n25\/05\/2011- Tr\u00e1nsito zona 5 Nuevo Hermosillo comisionado<br \/>\n04\/02\/2010- Grupo motorizado del Departamento de Tr\u00e1nsito comisionado<br \/>\n05\/07\/2007- Grupo motorizado y elementos de cruceros comisionado<br \/>\n11\/09\/2002- Tr\u00e1nsito centro comisionado evaluaciones<\/p>\n","protected":false},"excerpt":{"rendered":"<p>Hermosillo, Sonora; 13 de junio, 2025.- Por unanimidad de los integrantes de Cabildo, Jes\u00fas Alonso Dur\u00f3n Monta\u00f1o, quien cuenta con una experiencia de m\u00e1s de 23 a\u00f1os de carrera, tom\u00f3 protesta como Comisario General de la Jefatura de Polic\u00eda Preventiva y Tr\u00e1nsito Municipal de Hermosillo, en sesi\u00f3n ordinaria de Cabildo. El presidente municipal Antonio Astiazar\u00e1n [&hellip;]<\/p>\n","protected":false},"author":2,"featured_media":221508,"comment_status":"closed","ping_status":"closed","sticky":false,"template":"","format":"standard","meta":{"footnotes":""},"categories":[12870,178],"tags":[12865,12869],"class_list":["post-221507","post","type-post","status-publish","format-standard","has-post-thumbnail","hentry","category-destacadas","category-local","tag-destacadas","tag-local"],"jetpack_featured_media_url":"https:\/\/rnoticias.com.mx\/Portal\/wp-content\/uploads\/2025\/06\/12323463-21e5-40f5-9b45-7a0ee7db9222.jpg","amp_enabled":true,"_links":{"self":[{"href":"https:\/\/rnoticias.com.mx\/Portal\/wp-json\/wp\/v2\/posts\/221507","targetHints":{"allow":["GET"]}}],"collection":[{"href":"https:\/\/rnoticias.com.mx\/Portal\/wp-json\/wp\/v2\/posts"}],"about":[{"href":"https:\/\/rnoticias.com.mx\/Portal\/wp-json\/wp\/v2\/types\/post"}],"author":[{"embeddable":true,"href":"https:\/\/rnoticias.com.mx\/Portal\/wp-json\/wp\/v2\/users\/2"}],"replies":[{"embeddable":true,"href":"https:\/\/rnoticias.com.mx\/Portal\/wp-json\/wp\/v2\/comments?post=221507"}],"version-history":[{"count":1,"href":"https:\/\/rnoticias.com.mx\/Portal\/wp-json\/wp\/v2\/posts\/221507\/revisions"}],"predecessor-version":[{"id":221509,"href":"https:\/\/rnoticias.com.mx\/Portal\/wp-json\/wp\/v2\/posts\/221507\/revisions\/221509"}],"wp:featuredmedia":[{"embeddable":true,"href":"https:\/\/rnoticias.com.mx\/Portal\/wp-json\/wp\/v2\/media\/221508"}],"wp:attachment":[{"href":"https:\/\/rnoticias.com.mx\/Portal\/wp-json\/wp\/v2\/media?parent=221507"}],"wp:term":[{"taxonomy":"category","embeddable":true,"href":"https:\/\/rnoticias.com.mx\/Portal\/wp-json\/wp\/v2\/categories?post=221507"},{"taxonomy":"post_tag","embeddable":true,"href":"https:\/\/rnoticias.com.mx\/Portal\/wp-json\/wp\/v2\/tags?post=221507"}],"curies":[{"name":"wp","href":"https:\/\/api.w.org\/{rel}","templated":true}]}}