{"id":221495,"date":"2025-06-13T12:11:26","date_gmt":"2025-06-13T19:11:26","guid":{"rendered":"https:\/\/rnoticias.com.mx\/Portal\/?p=221495"},"modified":"2025-06-13T12:11:26","modified_gmt":"2025-06-13T19:11:26","slug":"le-dire-a-trump-que-migrantes-no-son-criminales-claudia-sheinbaum","status":"publish","type":"post","link":"https:\/\/rnoticias.com.mx\/Portal\/2025\/06\/13\/le-dire-a-trump-que-migrantes-no-son-criminales-claudia-sheinbaum\/","title":{"rendered":"Le dir\u00e9 a Trump que migrantes no son criminales: Claudia Sheinbaum"},"content":{"rendered":"<p>La presidenta\u00a0<strong>Claudia Sheinbaum<\/strong>\u00a0inform\u00f3 que, de concretarse la reuni\u00f3n con su hom\u00f3logo de Estados Unidos, Donald Trump, en la reuni\u00f3n del G7, le expresar\u00e1 que los migrantes mexicanos no son criminales, que migraron por necesidad y que ya son parte de la vida de ese pa\u00eds.<\/p>\n<p>En conferencia de prensa matutina, la Mandataria federal destac\u00f3 que los paisanos contribuyen de forma muy importante a la econom\u00eda, pues indic\u00f3 que cerca del 80% de sus ingresos se quedan en impuestos.<\/p>\n<p><strong><em>\u201cSe lo haremos saber al presidente Trump que le recordaremos que \u00e9l en muchos momentos ha reconocido a las y a los mexicanos que viven all\u00e1, y que no son criminales, que son sencillamente personas que migraron por necesidad y que son parte ya de la vida de Estados Unidos\u201d,\u00a0<\/em><\/strong>declar\u00f3.<\/p>\n<p>En Palacio Nacional, la presidenta Claudia Sheinbaum inform\u00f3 que participar\u00e1 en la Cumbre del G7 en Canad\u00e1 los d\u00edas 16 y a 17 de junio, y que hoy viernes se confirmar\u00e1 la reuni\u00f3n que sostendr\u00e1 con Donald Trump.<\/p>\n<p><strong><em>\u201cHoy nos dicen ya la confirmaci\u00f3n, pero todo parece indicar que s\u00ed nos reunimos con el presidente Trump, en Canad\u00e1. Nos vamos el lunes, sale el vuelo a las 6:30 de la ma\u00f1ana, y regresamos el martes a las 9 de la noche, tomamos el avi\u00f3n, volamos en la noche para estar aqu\u00ed temprano, esperemos llegar a la ma\u00f1ana\u201d<\/em><\/strong>, explic\u00f3.<\/p>\n<p>&nbsp;<\/p>\n<p>El Universal<\/p>\n","protected":false},"excerpt":{"rendered":"<p>La presidenta\u00a0Claudia Sheinbaum\u00a0inform\u00f3 que, de concretarse la reuni\u00f3n con su hom\u00f3logo de Estados Unidos, Donald Trump, en la reuni\u00f3n del G7, le expresar\u00e1 que los migrantes mexicanos no son criminales, que migraron por necesidad y que ya son parte de la vida de ese pa\u00eds. En conferencia de prensa matutina, la Mandataria federal destac\u00f3 que [&hellip;]<\/p>\n","protected":false},"author":2,"featured_media":221496,"comment_status":"closed","ping_status":"closed","sticky":false,"template":"","format":"standard","meta":{"footnotes":""},"categories":[12870,172],"tags":[12865,12874],"class_list":["post-221495","post","type-post","status-publish","format-standard","has-post-thumbnail","hentry","category-destacadas","category-nacional","tag-destacadas","tag-nacional"],"jetpack_featured_media_url":"https:\/\/rnoticias.com.mx\/Portal\/wp-content\/uploads\/2025\/06\/Claudia-Sheinbaum-y-Donald-Trump-.webp","amp_enabled":true,"_links":{"self":[{"href":"https:\/\/rnoticias.com.mx\/Portal\/wp-json\/wp\/v2\/posts\/221495","targetHints":{"allow":["GET"]}}],"collection":[{"href":"https:\/\/rnoticias.com.mx\/Portal\/wp-json\/wp\/v2\/posts"}],"about":[{"href":"https:\/\/rnoticias.com.mx\/Portal\/wp-json\/wp\/v2\/types\/post"}],"author":[{"embeddable":true,"href":"https:\/\/rnoticias.com.mx\/Portal\/wp-json\/wp\/v2\/users\/2"}],"replies":[{"embeddable":true,"href":"https:\/\/rnoticias.com.mx\/Portal\/wp-json\/wp\/v2\/comments?post=221495"}],"version-history":[{"count":1,"href":"https:\/\/rnoticias.com.mx\/Portal\/wp-json\/wp\/v2\/posts\/221495\/revisions"}],"predecessor-version":[{"id":221497,"href":"https:\/\/rnoticias.com.mx\/Portal\/wp-json\/wp\/v2\/posts\/221495\/revisions\/221497"}],"wp:featuredmedia":[{"embeddable":true,"href":"https:\/\/rnoticias.com.mx\/Portal\/wp-json\/wp\/v2\/media\/221496"}],"wp:attachment":[{"href":"https:\/\/rnoticias.com.mx\/Portal\/wp-json\/wp\/v2\/media?parent=221495"}],"wp:term":[{"taxonomy":"category","embeddable":true,"href":"https:\/\/rnoticias.com.mx\/Portal\/wp-json\/wp\/v2\/categories?post=221495"},{"taxonomy":"post_tag","embeddable":true,"href":"https:\/\/rnoticias.com.mx\/Portal\/wp-json\/wp\/v2\/tags?post=221495"}],"curies":[{"name":"wp","href":"https:\/\/api.w.org\/{rel}","templated":true}]}}