{"id":221479,"date":"2025-06-13T12:02:34","date_gmt":"2025-06-13T19:02:34","guid":{"rendered":"https:\/\/rnoticias.com.mx\/Portal\/?p=221479"},"modified":"2025-06-13T12:02:34","modified_gmt":"2025-06-13T19:02:34","slug":"promueve-gobierno-de-sonora-profesionalizacion-de-servidores-publicos","status":"publish","type":"post","link":"https:\/\/rnoticias.com.mx\/Portal\/2025\/06\/13\/promueve-gobierno-de-sonora-profesionalizacion-de-servidores-publicos\/","title":{"rendered":"Promueve Gobierno de Sonora profesionalizaci\u00f3n de servidores p\u00fablicos"},"content":{"rendered":"<p>Hermosillo, Sonora; 13 de junio de 2025.- Con la finalidad de realizar, en forma conjunta y a nivel estatal, proyectos que impulsen el desarrollo y la participaci\u00f3n mutua en actividades educativas, el Gobierno de Sonora, a trav\u00e9s del Colegio de Educaci\u00f3n Profesional T\u00e9cnica del Estado de Sonora (Conalep), llev\u00f3 a cabo la firma de un convenio de colaboraci\u00f3n con Radio Sonora.<\/p>\n<p>La directora general de Conalep Sonora, Luisa Cristina Rodr\u00edguez Ibarra, inform\u00f3 que este tipo de alianzas entre organismos descentralizados y gubernamentales tienen como objetivo primordial fortalecer la difusi\u00f3n de las carreras y programas educativos en beneficio del alumnado.<\/p>\n<p>Por su parte, el director de Radio Sonora, Tirso Amante Jerez, indic\u00f3 que, para la radiodifusora, es de suma importancia abrir espacios a instituciones educativas, ya que gracias a ello se pueden implementar diversas estrategias y actividades en materia de transmisi\u00f3n, producci\u00f3n, difusi\u00f3n institucional y promoci\u00f3n de contenidos culturales y educativos.<\/p>\n<p>\u201cEn los pr\u00f3ximos d\u00edas, y para inaugurar dicho convenio, el personal de la radio estar\u00e1 recibiendo formaci\u00f3n a trav\u00e9s del \u00e1rea de Capacitaci\u00f3n de Conalep, para que as\u00ed sigamos profesionaliz\u00e1ndonos como servidores p\u00fablicos\u201d, finaliz\u00f3.<\/p>\n<p>Este tipo de intercambios permitir\u00e1 que los m\u00e1s de 13 mil estudiantes de los 14 planteles y de la extensi\u00f3n Cananea tengan una mayor calidad acad\u00e9mica y una experiencia de aprendizaje enriquecedora, creando un puente entre el alumnado y sus audiencias.<\/p>\n<p>Radio Sonora transmite por el 94.7 FM y es una voz para la cultura popular. Por su parte, Conalep Sonora opera como un sistema estatal de educaci\u00f3n media superior p\u00fablico que forma Profesionales T\u00e9cnicos Bachilleres.<\/p>\n","protected":false},"excerpt":{"rendered":"<p>Hermosillo, Sonora; 13 de junio de 2025.- Con la finalidad de realizar, en forma conjunta y a nivel estatal, proyectos que impulsen el desarrollo y la participaci\u00f3n mutua en actividades educativas, el Gobierno de Sonora, a trav\u00e9s del Colegio de Educaci\u00f3n Profesional T\u00e9cnica del Estado de Sonora (Conalep), llev\u00f3 a cabo la firma de un [&hellip;]<\/p>\n","protected":false},"author":2,"featured_media":221480,"comment_status":"closed","ping_status":"closed","sticky":false,"template":"","format":"standard","meta":{"footnotes":""},"categories":[12870,178],"tags":[12865,12869],"class_list":["post-221479","post","type-post","status-publish","format-standard","has-post-thumbnail","hentry","category-destacadas","category-local","tag-destacadas","tag-local"],"jetpack_featured_media_url":"https:\/\/rnoticias.com.mx\/Portal\/wp-content\/uploads\/2025\/06\/unnamed-53.jpg","amp_enabled":true,"_links":{"self":[{"href":"https:\/\/rnoticias.com.mx\/Portal\/wp-json\/wp\/v2\/posts\/221479","targetHints":{"allow":["GET"]}}],"collection":[{"href":"https:\/\/rnoticias.com.mx\/Portal\/wp-json\/wp\/v2\/posts"}],"about":[{"href":"https:\/\/rnoticias.com.mx\/Portal\/wp-json\/wp\/v2\/types\/post"}],"author":[{"embeddable":true,"href":"https:\/\/rnoticias.com.mx\/Portal\/wp-json\/wp\/v2\/users\/2"}],"replies":[{"embeddable":true,"href":"https:\/\/rnoticias.com.mx\/Portal\/wp-json\/wp\/v2\/comments?post=221479"}],"version-history":[{"count":1,"href":"https:\/\/rnoticias.com.mx\/Portal\/wp-json\/wp\/v2\/posts\/221479\/revisions"}],"predecessor-version":[{"id":221481,"href":"https:\/\/rnoticias.com.mx\/Portal\/wp-json\/wp\/v2\/posts\/221479\/revisions\/221481"}],"wp:featuredmedia":[{"embeddable":true,"href":"https:\/\/rnoticias.com.mx\/Portal\/wp-json\/wp\/v2\/media\/221480"}],"wp:attachment":[{"href":"https:\/\/rnoticias.com.mx\/Portal\/wp-json\/wp\/v2\/media?parent=221479"}],"wp:term":[{"taxonomy":"category","embeddable":true,"href":"https:\/\/rnoticias.com.mx\/Portal\/wp-json\/wp\/v2\/categories?post=221479"},{"taxonomy":"post_tag","embeddable":true,"href":"https:\/\/rnoticias.com.mx\/Portal\/wp-json\/wp\/v2\/tags?post=221479"}],"curies":[{"name":"wp","href":"https:\/\/api.w.org\/{rel}","templated":true}]}}