{"id":221476,"date":"2025-06-13T11:01:40","date_gmt":"2025-06-13T18:01:40","guid":{"rendered":"https:\/\/rnoticias.com.mx\/Portal\/?p=221476"},"modified":"2025-06-13T11:01:40","modified_gmt":"2025-06-13T18:01:40","slug":"tadeo-dona-sangre-porque-sabe-que-ayudar-puede-salvar-vidas","status":"publish","type":"post","link":"https:\/\/rnoticias.com.mx\/Portal\/2025\/06\/13\/tadeo-dona-sangre-porque-sabe-que-ayudar-puede-salvar-vidas\/","title":{"rendered":"Tadeo dona sangre porque sabe que ayudar puede salvar vidas"},"content":{"rendered":"<p><b>Hermosillo, Sonora; 13 de junio de 2025.-\u00a0<\/b>En el marco del D\u00eda Mundial del Donante de Sangre, el Gobierno de Sonora, a trav\u00e9s del Instituto de Seguridad y Servicios Sociales de los Trabajadores del Estado de Sonora (Isssteson), reconoce a \u00a0Francisco Tadeo Garc\u00eda Acedo, derechohabiente que, desde 2020 a la fecha, ha donado sangre o plaquetas en alrededor de 20 ocasiones, convencido de que ayudar puede salvar vidas.<\/p>\n<p>Tadeo se convirti\u00f3 en donador altruista del Banco de Sangre del Centro M\u00e9dico \u201cDr. Ignacio Ch\u00e1vez\u201d, en Hermosillo, motivado por la llegada de sus dos hijas al mundo. El personal m\u00e9dico ya lo conoce bien y sabe que siempre pueden contar con su apoyo.<\/p>\n<p>\u201cSientes bonito ayudar a otra gente. Yo he pensado: haz lo que te gustar\u00eda que hicieran por ti\u201d, expres\u00f3 Tadeo, quien, aunque no ha necesitado de una transfusi\u00f3n, espera que, el d\u00eda que la requiera, alguien m\u00e1s piense como \u00e9l.<\/p>\n<p>Isssteson mantiene activo el servicio de recepci\u00f3n de donadores en sus dos bancos de sangre: uno en el Hospital Ch\u00e1vez, en Hermosillo, y otro en el Hospital \u201cLic. Adolfo L\u00f3pez Mateos\u201d, en Ciudad Obreg\u00f3n.<\/p>\n<p>Actualmente, con una sola donaci\u00f3n de sangre se puede salvar la vida de hasta tres personas, y su recuperaci\u00f3n en el organismo es r\u00e1pida, sin representar un riesgo para la salud.<\/p>\n","protected":false},"excerpt":{"rendered":"<p>Hermosillo, Sonora; 13 de junio de 2025.-\u00a0En el marco del D\u00eda Mundial del Donante de Sangre, el Gobierno de Sonora, a trav\u00e9s del Instituto de Seguridad y Servicios Sociales de los Trabajadores del Estado de Sonora (Isssteson), reconoce a \u00a0Francisco Tadeo Garc\u00eda Acedo, derechohabiente que, desde 2020 a la fecha, ha donado sangre o plaquetas [&hellip;]<\/p>\n","protected":false},"author":2,"featured_media":221477,"comment_status":"closed","ping_status":"closed","sticky":false,"template":"","format":"standard","meta":{"footnotes":""},"categories":[12870,178],"tags":[12865,12869],"class_list":["post-221476","post","type-post","status-publish","format-standard","has-post-thumbnail","hentry","category-destacadas","category-local","tag-destacadas","tag-local"],"jetpack_featured_media_url":"https:\/\/rnoticias.com.mx\/Portal\/wp-content\/uploads\/2025\/06\/ISSSTESON2025-DiaDelDonadorDeSangre-01.jpeg","amp_enabled":true,"_links":{"self":[{"href":"https:\/\/rnoticias.com.mx\/Portal\/wp-json\/wp\/v2\/posts\/221476","targetHints":{"allow":["GET"]}}],"collection":[{"href":"https:\/\/rnoticias.com.mx\/Portal\/wp-json\/wp\/v2\/posts"}],"about":[{"href":"https:\/\/rnoticias.com.mx\/Portal\/wp-json\/wp\/v2\/types\/post"}],"author":[{"embeddable":true,"href":"https:\/\/rnoticias.com.mx\/Portal\/wp-json\/wp\/v2\/users\/2"}],"replies":[{"embeddable":true,"href":"https:\/\/rnoticias.com.mx\/Portal\/wp-json\/wp\/v2\/comments?post=221476"}],"version-history":[{"count":1,"href":"https:\/\/rnoticias.com.mx\/Portal\/wp-json\/wp\/v2\/posts\/221476\/revisions"}],"predecessor-version":[{"id":221478,"href":"https:\/\/rnoticias.com.mx\/Portal\/wp-json\/wp\/v2\/posts\/221476\/revisions\/221478"}],"wp:featuredmedia":[{"embeddable":true,"href":"https:\/\/rnoticias.com.mx\/Portal\/wp-json\/wp\/v2\/media\/221477"}],"wp:attachment":[{"href":"https:\/\/rnoticias.com.mx\/Portal\/wp-json\/wp\/v2\/media?parent=221476"}],"wp:term":[{"taxonomy":"category","embeddable":true,"href":"https:\/\/rnoticias.com.mx\/Portal\/wp-json\/wp\/v2\/categories?post=221476"},{"taxonomy":"post_tag","embeddable":true,"href":"https:\/\/rnoticias.com.mx\/Portal\/wp-json\/wp\/v2\/tags?post=221476"}],"curies":[{"name":"wp","href":"https:\/\/api.w.org\/{rel}","templated":true}]}}