{"id":221472,"date":"2025-06-13T11:00:46","date_gmt":"2025-06-13T18:00:46","guid":{"rendered":"https:\/\/rnoticias.com.mx\/Portal\/?p=221472"},"modified":"2025-06-13T11:00:46","modified_gmt":"2025-06-13T18:00:46","slug":"gobernador-durazo-beneficia-a-familias-de-la-colonia-misioneros-con-feria-de-servicios-gratuitos-sonora-atiende","status":"publish","type":"post","link":"https:\/\/rnoticias.com.mx\/Portal\/2025\/06\/13\/gobernador-durazo-beneficia-a-familias-de-la-colonia-misioneros-con-feria-de-servicios-gratuitos-sonora-atiende\/","title":{"rendered":"Gobernador Durazo beneficia a familias de la Colonia Misioneros con feria de servicios gratuitos \u201cSonora Atiende\u201d"},"content":{"rendered":"<p>Hermosillo, Sonora; 13 de junio de 2025.- El programa \u201cSonora Atiende\u201d, impulsado por el gobernador Alfonso Durazo Monta\u00f1o, llev\u00f3 una jornada de atenci\u00f3n ciudadana y tr\u00e1mites gratuitos a la colonia Misioneros, brindando soluciones pr\u00e1cticas a las familias del sector, sin la necesidad de trasladarse a las oficinas gubernamentales.<\/p>\n<p>El parque Misiones se llen\u00f3 de vida con la instalaci\u00f3n de m\u00f3dulos de atenci\u00f3n de m\u00e1s de 30 dependencias estatales y federales, donde vecinas y vecinos fueron atendidos y escuchados por Mar\u00eda del Roc\u00edo Ch\u00e1vez Murillo, presidenta honoraria del Sistema DIF Sonora y Mar\u00eda del Mar Durazo Ch\u00e1vez, presidenta honoraria del Voluntariado del Sistema DIF Sonora.<\/p>\n<p>Durante la jornada, se ofrecieron servicios como consultas m\u00e9dicas, tr\u00e1mites oficiales, asesor\u00eda legal, informaci\u00f3n sobre becas y apoyos para mujeres, j\u00f3venes y personas adultas mayores. Todo fue completamente gratuito y accesible para quienes se acercaron.<\/p>\n<p>Las y los asistentes destacaron la amabilidad de quienes los atendieron y la facilidad para resolver tr\u00e1mites que, en otro contexto, les tomar\u00edan tiempo y recursos. La jornada permiti\u00f3 que decenas familias resolvieran asuntos importantes, sin tener que ausentarse del trabajo ni gastar en transporte.<\/p>\n<p>Jos\u00e9 Juan Ram\u00edrez fue uno de los beneficiados de esta jornada de servicios, quien junto con su esposa solicit\u00f3 una correcci\u00f3n de acta de nacimiento para poder realizar tr\u00e1mites personales.<\/p>\n<p>&#8220;Venimos a ver si podemos corregir unas actas, la m\u00eda s\u00ed est\u00e1 bien, nada m\u00e1s que no me sale en los cajeros, pero mi mujer s\u00ed tiene problemas y no podemos cobrar y hacer tr\u00e1mites. Esto me parece muy bien a m\u00ed, vivo cerquita a unas dos cuadras aqu\u00ed, me parece muy bien, honestamente&#8221;, coment\u00f3.<\/p>\n<p>Valente Flores tambi\u00e9n solicit\u00f3 una correcci\u00f3n de su acta de nacimiento en el m\u00f3dulo del Registro Civil.<\/p>\n<p>&#8220;A hacer una rectificaci\u00f3n del acta de nacimiento, mi segundo apellido est\u00e1 mal. Me parece muy excelente, me parece muy buena oportunidad para las personas que tienen este problema, hay personas que en realidad no est\u00e1n ni registrados y que aprovechen esta oportunidad. Yo le doy las gracias a nombre de todo Sonora por esta ayuda que nos est\u00e1 dando y esperamos que sigamos as\u00ed e igualmente nosotros como ciudadanos los apoyaremos tambi\u00e9n&#8221;, destac\u00f3.<\/p>\n<p>As\u00ed mismo, Carlos Ter\u00e1n tambi\u00e9n acudi\u00f3 al m\u00f3dulo de registro civil para solicitar su acta de nacimiento.<\/p>\n<p>&#8220;Me parece muy bien, agiliza la vuelta y todo eso, est\u00e1 muy bien todo, muy bien hecho&#8221;, expres\u00f3.<\/p>\n<p>En esta edici\u00f3n de \u201cSonora Atiende\u201d participaron funcionarias y funcionarios como Adolfo Salazar Razo, secretario de Gobierno; Fernando Rojo de la Vega, secretario de Bienestar en Sonora; Mar\u00eda Dolores Del R\u00edo S\u00e1nchez, secretaria Anticorrupci\u00f3n y Buen Gobierno; Paulina Oca\u00f1a, jefa de la Oficina del Ejecutivo Estatal; Bernardeth Ru\u00edz Romero, subsecretaria de Desarrollo Pol\u00edtico de la Secretar\u00eda de Gobierno; Paloma Ter\u00e1n Villalobos, coordinadora general del Sistema Estatal de Comunicaci\u00f3n Social.<\/p>\n<p>Carlos Sosa Casta\u00f1eda, coordinador ejecutivo del Instituto de Movilidad y Transporte para el Estado de Sonora (IMTES); Carlos Zatarain, coordinador ejecutivo de la Comisi\u00f3n de Ecolog\u00eda y Desarrollo Sustentable del Estado de Sonora (CEDES); Lizeth Salcedo Salinas, comisionada ejecutiva estatal de Atenci\u00f3n a V\u00edctimas; Pedro Lamberto Fontes Ortiz, titular de la Comisi\u00f3n de Vivienda del Estado de Sonora (COVES); Lizeth V\u00e1squez Ochoa, directora general del DIF Sonora; Mary Carrazco, directora del Instituto Sonorense de Educaci\u00f3n para los Adultos (ISEA); Sheila Hern\u00e1ndez Alcaraz, secretaria de las Mujeres, adem\u00e1s de equipos de trabajo comprometidos con la atenci\u00f3n ciudadana.<\/p>\n","protected":false},"excerpt":{"rendered":"<p>Hermosillo, Sonora; 13 de junio de 2025.- El programa \u201cSonora Atiende\u201d, impulsado por el gobernador Alfonso Durazo Monta\u00f1o, llev\u00f3 una jornada de atenci\u00f3n ciudadana y tr\u00e1mites gratuitos a la colonia Misioneros, brindando soluciones pr\u00e1cticas a las familias del sector, sin la necesidad de trasladarse a las oficinas gubernamentales. El parque Misiones se llen\u00f3 de vida [&hellip;]<\/p>\n","protected":false},"author":2,"featured_media":221473,"comment_status":"closed","ping_status":"closed","sticky":false,"template":"","format":"standard","meta":{"footnotes":""},"categories":[12870,178],"tags":[12865,12869],"class_list":["post-221472","post","type-post","status-publish","format-standard","has-post-thumbnail","hentry","category-destacadas","category-local","tag-destacadas","tag-local"],"jetpack_featured_media_url":"https:\/\/rnoticias.com.mx\/Portal\/wp-content\/uploads\/2025\/06\/unnamed-19-7.jpg","amp_enabled":true,"_links":{"self":[{"href":"https:\/\/rnoticias.com.mx\/Portal\/wp-json\/wp\/v2\/posts\/221472","targetHints":{"allow":["GET"]}}],"collection":[{"href":"https:\/\/rnoticias.com.mx\/Portal\/wp-json\/wp\/v2\/posts"}],"about":[{"href":"https:\/\/rnoticias.com.mx\/Portal\/wp-json\/wp\/v2\/types\/post"}],"author":[{"embeddable":true,"href":"https:\/\/rnoticias.com.mx\/Portal\/wp-json\/wp\/v2\/users\/2"}],"replies":[{"embeddable":true,"href":"https:\/\/rnoticias.com.mx\/Portal\/wp-json\/wp\/v2\/comments?post=221472"}],"version-history":[{"count":2,"href":"https:\/\/rnoticias.com.mx\/Portal\/wp-json\/wp\/v2\/posts\/221472\/revisions"}],"predecessor-version":[{"id":221475,"href":"https:\/\/rnoticias.com.mx\/Portal\/wp-json\/wp\/v2\/posts\/221472\/revisions\/221475"}],"wp:featuredmedia":[{"embeddable":true,"href":"https:\/\/rnoticias.com.mx\/Portal\/wp-json\/wp\/v2\/media\/221473"}],"wp:attachment":[{"href":"https:\/\/rnoticias.com.mx\/Portal\/wp-json\/wp\/v2\/media?parent=221472"}],"wp:term":[{"taxonomy":"category","embeddable":true,"href":"https:\/\/rnoticias.com.mx\/Portal\/wp-json\/wp\/v2\/categories?post=221472"},{"taxonomy":"post_tag","embeddable":true,"href":"https:\/\/rnoticias.com.mx\/Portal\/wp-json\/wp\/v2\/tags?post=221472"}],"curies":[{"name":"wp","href":"https:\/\/api.w.org\/{rel}","templated":true}]}}