{"id":221469,"date":"2025-06-13T08:40:09","date_gmt":"2025-06-13T15:40:09","guid":{"rendered":"https:\/\/rnoticias.com.mx\/Portal\/?p=221469"},"modified":"2025-06-13T08:40:09","modified_gmt":"2025-06-13T15:40:09","slug":"los-alegres-del-barranco-usaron-empresa-fantasma-fiscalia","status":"publish","type":"post","link":"https:\/\/rnoticias.com.mx\/Portal\/2025\/06\/13\/los-alegres-del-barranco-usaron-empresa-fantasma-fiscalia\/","title":{"rendered":"Los Alegres del Barranco usaron empresa fantasma: Fiscal\u00eda"},"content":{"rendered":"<p>El grupo musical Los Alegres del Barranco utilizaron una empresa \u201c<strong><em>fachada<\/em><\/strong>\u201d para firmar el contrato de su presentaci\u00f3n en el Auditorio Telmex, en Zapopan, el pasado\u00a0<strong>29 de marzo<\/strong>, revel\u00f3 el fiscal de Jalisco,\u00a0<strong>Salvador Gonz\u00e1lez de los Santos.<\/strong><\/p>\n<p><strong><em>\u201cCuando la Fiscal\u00eda investig\u00f3 los contratos, las personas con las que celebraban los contratos sus representantes, resulta que se advirtieron algunas actas constitutivas al parecer de empresas \u2018fachadas\u2019, podr\u00edamos decir, y en raz\u00f3n a ello se solicit\u00f3 el aseguramiento de la cantidad de dinero que ya se hab\u00eda manejado (5.8 millones de pesos)\u201d<\/em><\/strong>, indic\u00f3 el fiscal.<\/p>\n<p>Record\u00f3 que la dependencia a su cargo dar\u00e1 vista de esta situaci\u00f3n a la\u00a0<strong>Unidad de Inteligencia Financiera\u00a0<\/strong>de la Secretar\u00eda de Hacienda y Cr\u00e9dito P\u00fablico para que tambi\u00e9n investiguen el caso de acuerdo con sus competencias.<\/p>\n<div id=\"eldia-2463337038\" class=\"eldia-contenido-2 eldia-target\" data-eldia-trackid=\"1765657\" data-eldia-trackbid=\"1\"><\/div>\n<p><strong><em>\u201cNosotros abrimos esta carpeta (de investigaci\u00f3n por uso de recursos de procedencia il\u00edcita) y aseguramos este dinero en virtud de la investigaci\u00f3n que iniciamos (por presunta comisi\u00f3n de apolog\u00eda del delito), y advertimos que quien aparece en esas actas constitutivas pues son personas que no se dedican a ello\u201d,<\/em><\/strong>\u00a0afirm\u00f3 Gonz\u00e1lez de los Santos.<\/p>\n<p>&nbsp;<\/p>\n<p>El Universal<\/p>\n","protected":false},"excerpt":{"rendered":"<p>El grupo musical Los Alegres del Barranco utilizaron una empresa \u201cfachada\u201d para firmar el contrato de su presentaci\u00f3n en el Auditorio Telmex, en Zapopan, el pasado\u00a029 de marzo, revel\u00f3 el fiscal de Jalisco,\u00a0Salvador Gonz\u00e1lez de los Santos. \u201cCuando la Fiscal\u00eda investig\u00f3 los contratos, las personas con las que celebraban los contratos sus representantes, resulta que [&hellip;]<\/p>\n","protected":false},"author":2,"featured_media":221470,"comment_status":"closed","ping_status":"closed","sticky":false,"template":"","format":"standard","meta":{"footnotes":""},"categories":[12870,219],"tags":[12865,12875],"class_list":["post-221469","post","type-post","status-publish","format-standard","has-post-thumbnail","hentry","category-destacadas","category-espectaculos","tag-destacadas","tag-espectaculos"],"jetpack_featured_media_url":"https:\/\/rnoticias.com.mx\/Portal\/wp-content\/uploads\/2025\/06\/f776x436-654386_702737_5131.webp","amp_enabled":true,"_links":{"self":[{"href":"https:\/\/rnoticias.com.mx\/Portal\/wp-json\/wp\/v2\/posts\/221469","targetHints":{"allow":["GET"]}}],"collection":[{"href":"https:\/\/rnoticias.com.mx\/Portal\/wp-json\/wp\/v2\/posts"}],"about":[{"href":"https:\/\/rnoticias.com.mx\/Portal\/wp-json\/wp\/v2\/types\/post"}],"author":[{"embeddable":true,"href":"https:\/\/rnoticias.com.mx\/Portal\/wp-json\/wp\/v2\/users\/2"}],"replies":[{"embeddable":true,"href":"https:\/\/rnoticias.com.mx\/Portal\/wp-json\/wp\/v2\/comments?post=221469"}],"version-history":[{"count":1,"href":"https:\/\/rnoticias.com.mx\/Portal\/wp-json\/wp\/v2\/posts\/221469\/revisions"}],"predecessor-version":[{"id":221471,"href":"https:\/\/rnoticias.com.mx\/Portal\/wp-json\/wp\/v2\/posts\/221469\/revisions\/221471"}],"wp:featuredmedia":[{"embeddable":true,"href":"https:\/\/rnoticias.com.mx\/Portal\/wp-json\/wp\/v2\/media\/221470"}],"wp:attachment":[{"href":"https:\/\/rnoticias.com.mx\/Portal\/wp-json\/wp\/v2\/media?parent=221469"}],"wp:term":[{"taxonomy":"category","embeddable":true,"href":"https:\/\/rnoticias.com.mx\/Portal\/wp-json\/wp\/v2\/categories?post=221469"},{"taxonomy":"post_tag","embeddable":true,"href":"https:\/\/rnoticias.com.mx\/Portal\/wp-json\/wp\/v2\/tags?post=221469"}],"curies":[{"name":"wp","href":"https:\/\/api.w.org\/{rel}","templated":true}]}}