{"id":221457,"date":"2025-06-13T08:16:39","date_gmt":"2025-06-13T15:16:39","guid":{"rendered":"https:\/\/rnoticias.com.mx\/Portal\/?p=221457"},"modified":"2025-06-13T08:16:39","modified_gmt":"2025-06-13T15:16:39","slug":"brad-pitt-compra-y-traslada-a-california-un-inmueble-conocido-como-la-casa-ovni","status":"publish","type":"post","link":"https:\/\/rnoticias.com.mx\/Portal\/2025\/06\/13\/brad-pitt-compra-y-traslada-a-california-un-inmueble-conocido-como-la-casa-ovni\/","title":{"rendered":"Brad Pitt compra y traslada a California un inmueble conocido como \u00abla casa ovni\u00bb"},"content":{"rendered":"<p><strong>Brad Pitt<\/strong>\u00a0adquiri\u00f3 y traslad\u00f3 a California\u00a0la \u00ab<strong>Casa Xasteros<\/strong>\u00bb o tambi\u00e9n conocida como \u00ab<strong>la casa ovni<\/strong>\u00ab,\u00a0una joya hist\u00f3rica de la arquitectura prefabricada a peque\u00f1a escala del siglo XX dise\u00f1ada por el arquitecto griego\u00a0<strong>Nikolaos Xasteros<\/strong>\u00a0en 1969 y restaurada por Clement Cividino, quien la mostraba en un espacio expositivo de la provincia espa\u00f1ola de Girona.<\/p>\n<div class=\"jeg_ad jeg_ad_article jnews_content_inline_ads  \"><\/div>\n<p>La casa, que recuerda a un \u00abovni\u00bb, est\u00e1 fabricada con fibra de vidrio, tiene suelo de madera y 45 metros cuadrados.<\/p>\n<p>La compra se hizo con tal discreci\u00f3n que tard\u00f3 nueve meses en salir a la luz, seg\u00fan explic\u00f3.<\/p>\n<p>La casa fue trasladada, en el \u00faltimo trimestre del a\u00f1o pasado, a California, en dos grandes contenedores, tras desmontar el techo en dos partes y las paredes en tres, para poder moverla a\u00a0donde el actor estadounidense guarda las casas que colecciona.<\/p>\n<p>La \u00ab<strong>Casa Xasteros<\/strong>\u00bb es una construcci\u00f3n modernista que el arquitecto y dise\u00f1ador de muebles franc\u00e9s\u00a0<strong>Clement Cividino,\u00a0<\/strong>criado en Buenos Aires y afincado en Perpi\u00f1\u00e1n (Francia), encontr\u00f3 abandonada en Grecia y la compr\u00f3 en 2023.<\/p>\n<p><strong>Cividino\u00a0<\/strong>la restaur\u00f3 y, entre junio de 2023 y septiembre de 2024, estuvo expuesta en Terra Remota, en Sant Climent Sescebes (Girona), hasta que\u00a0<strong>Brad Pitt<\/strong>\u00a0tuvo conocimiento de su existencia y se interes\u00f3 por ella, gracias a las gestiones del arquitecto franc\u00e9s.<\/p>\n<p>Construy\u00f3 otras siete casas iguales, seg\u00fan explic\u00f3 a\u00a0<em>EFE<\/em>\u00a0Cividino. \u00abCuatro de ellas est\u00e1n rotas y desarmadas y las otras cuatro las compr\u00e9 yo, las otras tres est\u00e1n en uno de mis talleres, en una localidad al noreste de Francia, pendientes de restaurar\u00bb.<\/p>\n<h2>La pasi\u00f3n de Brad Pitt por la arquitectura<\/h2>\n<p>El<strong>\u00a0arquitecto<\/strong>\u00a0y\u00a0<strong>restaurador<\/strong>\u00a0franc\u00e9s, de 42 a\u00f1os, explic\u00f3 que el actor estadounidense es un \u00abapasionado de la arquitectura\u00bb y \u00abtiene una colecci\u00f3n de varios modelos de casas \u00fanicas de arquitectos internacionales\u00bb.<\/p>\n<p>Tambi\u00e9n tiene inter\u00e9s por los muebles de dise\u00f1o, hasta el punto que cre\u00f3 una l\u00ednea de muebles de lujo propia \u00ab<strong>Pitt-Pollaro<\/strong>\u00bb<\/p>\n<p>La pasi\u00f3n por la arquitectura del actor de Hollywood es tal, explica Cividino, que en 2012 se uni\u00f3 al arquitecto canadiense asentado en Estados Unidos,\u00a0<strong>Frank Gehry<\/strong>, en un proyecto para poder dar hogar a muchas personas que hab\u00edan perdido sus casas tras el\u00a0<strong>hurac\u00e1n Katrina<\/strong>, en 2005.<\/p>\n<p>Pitt y Gehry crearon en Nueva Orleans una fundaci\u00f3n con un nuevo tipo de vivienda, construida con materiales sostenibles y funcional, que tambi\u00e9n era est\u00e9ticamente bella.<\/p>\n<h2>Bodega y sala de exposiciones<\/h2>\n<p><strong>Clement Cividino<\/strong>\u00a0expone en la bodega\u00a0<strong>Terra Remota<\/strong>\u00a0desde hace nueve a\u00f1os,\u00a0se trata de un espacio\u00a0situado\u00a0a los pies del parque natural de la \u00abAlbera\u00bb y fue adquirida por la familia Bournazeau Florensa en el a\u00f1o de1999.<\/p>\n<p>Todas las casas expuestas se han vendido por unos precios que el artista ha evitado detallar y \u00abs\u00f3lo una se ha quedado en el Empord\u00e0 (comarca de Girona), las otras han viajado a China, Corea o Par\u00eds, entre otros destinos\u00bb, detall\u00f3.<\/p>\n<p>En la actualidad, Cividino tiene expuesta una casa tropical de 1947, la \u00fanica que hizo el dise\u00f1ador y arquitecto Ferdinand Fillod y que estaba abandonada hasta que fue rescatada y restaurada por el restaurador en colaboraci\u00f3n con el\u00a0<strong>Ministerio de Cultura franc\u00e9s.<\/strong><\/p>\n<p>La casa est\u00e1 instalada en el mismo lugar en el que estuvo la \u00ab<strong>Casa Xasteros<\/strong>\u00ab, antes de ser comprada por Pitt, en un espacio expositivo en plena naturaleza, rodeado de pinos.<\/p>\n","protected":false},"excerpt":{"rendered":"<p>Brad Pitt\u00a0adquiri\u00f3 y traslad\u00f3 a California\u00a0la \u00abCasa Xasteros\u00bb o tambi\u00e9n conocida como \u00abla casa ovni\u00ab,\u00a0una joya hist\u00f3rica de la arquitectura prefabricada a peque\u00f1a escala del siglo XX dise\u00f1ada por el arquitecto griego\u00a0Nikolaos Xasteros\u00a0en 1969 y restaurada por Clement Cividino, quien la mostraba en un espacio expositivo de la provincia espa\u00f1ola de Girona. La casa, que [&hellip;]<\/p>\n","protected":false},"author":2,"featured_media":221458,"comment_status":"closed","ping_status":"closed","sticky":false,"template":"","format":"standard","meta":{"footnotes":""},"categories":[12870,219],"tags":[12865,12875],"class_list":["post-221457","post","type-post","status-publish","format-standard","has-post-thumbnail","hentry","category-destacadas","category-espectaculos","tag-destacadas","tag-espectaculos"],"jetpack_featured_media_url":"https:\/\/rnoticias.com.mx\/Portal\/wp-content\/uploads\/2025\/06\/small_INFO_7_CONTEXTO_48b590d5a9.webp","amp_enabled":true,"_links":{"self":[{"href":"https:\/\/rnoticias.com.mx\/Portal\/wp-json\/wp\/v2\/posts\/221457","targetHints":{"allow":["GET"]}}],"collection":[{"href":"https:\/\/rnoticias.com.mx\/Portal\/wp-json\/wp\/v2\/posts"}],"about":[{"href":"https:\/\/rnoticias.com.mx\/Portal\/wp-json\/wp\/v2\/types\/post"}],"author":[{"embeddable":true,"href":"https:\/\/rnoticias.com.mx\/Portal\/wp-json\/wp\/v2\/users\/2"}],"replies":[{"embeddable":true,"href":"https:\/\/rnoticias.com.mx\/Portal\/wp-json\/wp\/v2\/comments?post=221457"}],"version-history":[{"count":1,"href":"https:\/\/rnoticias.com.mx\/Portal\/wp-json\/wp\/v2\/posts\/221457\/revisions"}],"predecessor-version":[{"id":221459,"href":"https:\/\/rnoticias.com.mx\/Portal\/wp-json\/wp\/v2\/posts\/221457\/revisions\/221459"}],"wp:featuredmedia":[{"embeddable":true,"href":"https:\/\/rnoticias.com.mx\/Portal\/wp-json\/wp\/v2\/media\/221458"}],"wp:attachment":[{"href":"https:\/\/rnoticias.com.mx\/Portal\/wp-json\/wp\/v2\/media?parent=221457"}],"wp:term":[{"taxonomy":"category","embeddable":true,"href":"https:\/\/rnoticias.com.mx\/Portal\/wp-json\/wp\/v2\/categories?post=221457"},{"taxonomy":"post_tag","embeddable":true,"href":"https:\/\/rnoticias.com.mx\/Portal\/wp-json\/wp\/v2\/tags?post=221457"}],"curies":[{"name":"wp","href":"https:\/\/api.w.org\/{rel}","templated":true}]}}