{"id":221448,"date":"2025-06-13T07:26:03","date_gmt":"2025-06-13T14:26:03","guid":{"rendered":"https:\/\/rnoticias.com.mx\/Portal\/?p=221448"},"modified":"2025-06-13T07:26:03","modified_gmt":"2025-06-13T14:26:03","slug":"mas-de-70-mil-menores-en-sonora-viven-situacion-de-trabajo-infantil-fngs","status":"publish","type":"post","link":"https:\/\/rnoticias.com.mx\/Portal\/2025\/06\/13\/mas-de-70-mil-menores-en-sonora-viven-situacion-de-trabajo-infantil-fngs\/","title":{"rendered":"M\u00e1s de 70 mil menores en Sonora viven situaci\u00f3n de trabajo infantil: FNGS"},"content":{"rendered":"<p>Hermosillo, Sonora. Este 12 de junio se conmemora el D\u00eda Mundial contra el Trabajo Infantil y en Sonora la Fundaci\u00f3n Nueva Generaci\u00f3n Sonora, dio a conocer que alrededor de 70 mil ni\u00f1as, ni\u00f1os y adolescentes enfrentan una realidad que deber\u00eda ser ajena a su edad: el trabajo infantil.<\/p>\n<p>&nbsp;<\/p>\n<p>Michelle Lucero, directora de la Fundaci\u00f3n Nueva Generaci\u00f3n Sonora, advirti\u00f3 que los menores son expuestos a actividades que ponen en riesgo su salud f\u00edsica y emocional en trabajos que van desde la construcci\u00f3n, el campo e incluso hasta pedir dinero en las calles o limpiar parabrisas en esquinas transitadas.<\/p>\n<p>&nbsp;<\/p>\n<p>\u201cEn Sonora, hay m\u00e1s de 70 mil menores que viven en esa situaci\u00f3n. Hay muchas historias de esfuerzo forzado, de infancias interrumpidas, y de sue\u00f1os aplazados por la necesidad. Desde muy temprano, muchos menores son vistos cargando cubetas, vendiendo dulces en los cruceros o trabajando en campos agr\u00edcolas bajo el sol ardiente. Son infancias atrapadas en una lucha cotidiana por sobrevivir en un entorno donde las oportunidades son escasas y las exigencias del entorno, despiadadas\u201d, dijo.<\/p>\n<p>&nbsp;<\/p>\n<p>Precis\u00f3, que datos que confirman esta crisis y seg\u00fan la Encuesta Nacional de Trabajo Infantil del INEGI (2022), en M\u00e9xico hay m\u00e1s de 28 millones de menores en esta situaci\u00f3n, y en Sonora, cerca de 70 mil. De ellos, la mayor\u00eda son adolescentes entre los 15 y 17 a\u00f1os, y en su mayor\u00eda varones.<\/p>\n<p>&nbsp;<\/p>\n<p>&nbsp;<\/p>\n<p>\u201cLas ni\u00f1as tambi\u00e9n enfrentan esta realidad, muchas veces invisibilizadas por realizar trabajos dom\u00e9sticos no remunerados. No solo hablamos de trabajo; hablamos de explotaci\u00f3n, de abandono institucional, de una normalizaci\u00f3n de la violencia contra los derechos de la ni\u00f1ez\u201d, enfatiza Lucero.<\/p>\n<p>&nbsp;<\/p>\n<p>Por \u00faltimo, declar\u00f3 que esta realidad est\u00e1 directamente vinculada con los niveles de pobreza, ya que acuerdo con el Coneval, m\u00e1s de 239 mil menores en Sonora viven en condiciones de pobreza, y al menos 16 mil en pobreza extrema, sin alimento, educaci\u00f3n, salud o vivienda digna.<\/p>\n<p>&nbsp;<\/p>\n<p>\u201cEl trabajo infantil no es una elecci\u00f3n de los menores, sino una imposici\u00f3n de su entorno. Combatirlo no solo requiere leyes, sino tambi\u00e9n oportunidades reales para las familias, pol\u00edticas p\u00fablicas efectivas y un compromiso colectivo por proteger el derecho a una infancia digna\u201d, resalt\u00f3 Michelle Lucero.<\/p>\n<p><strong>\u00a0<\/strong><\/p>\n","protected":false},"excerpt":{"rendered":"<p>Hermosillo, Sonora. Este 12 de junio se conmemora el D\u00eda Mundial contra el Trabajo Infantil y en Sonora la Fundaci\u00f3n Nueva Generaci\u00f3n Sonora, dio a conocer que alrededor de 70 mil ni\u00f1as, ni\u00f1os y adolescentes enfrentan una realidad que deber\u00eda ser ajena a su edad: el trabajo infantil. &nbsp; Michelle Lucero, directora de la Fundaci\u00f3n [&hellip;]<\/p>\n","protected":false},"author":2,"featured_media":221449,"comment_status":"closed","ping_status":"closed","sticky":false,"template":"","format":"standard","meta":{"footnotes":""},"categories":[12870,178],"tags":[12865,12869],"class_list":["post-221448","post","type-post","status-publish","format-standard","has-post-thumbnail","hentry","category-destacadas","category-local","tag-destacadas","tag-local"],"jetpack_featured_media_url":"https:\/\/rnoticias.com.mx\/Portal\/wp-content\/uploads\/2025\/06\/unnamed-52.jpg","amp_enabled":true,"_links":{"self":[{"href":"https:\/\/rnoticias.com.mx\/Portal\/wp-json\/wp\/v2\/posts\/221448","targetHints":{"allow":["GET"]}}],"collection":[{"href":"https:\/\/rnoticias.com.mx\/Portal\/wp-json\/wp\/v2\/posts"}],"about":[{"href":"https:\/\/rnoticias.com.mx\/Portal\/wp-json\/wp\/v2\/types\/post"}],"author":[{"embeddable":true,"href":"https:\/\/rnoticias.com.mx\/Portal\/wp-json\/wp\/v2\/users\/2"}],"replies":[{"embeddable":true,"href":"https:\/\/rnoticias.com.mx\/Portal\/wp-json\/wp\/v2\/comments?post=221448"}],"version-history":[{"count":1,"href":"https:\/\/rnoticias.com.mx\/Portal\/wp-json\/wp\/v2\/posts\/221448\/revisions"}],"predecessor-version":[{"id":221450,"href":"https:\/\/rnoticias.com.mx\/Portal\/wp-json\/wp\/v2\/posts\/221448\/revisions\/221450"}],"wp:featuredmedia":[{"embeddable":true,"href":"https:\/\/rnoticias.com.mx\/Portal\/wp-json\/wp\/v2\/media\/221449"}],"wp:attachment":[{"href":"https:\/\/rnoticias.com.mx\/Portal\/wp-json\/wp\/v2\/media?parent=221448"}],"wp:term":[{"taxonomy":"category","embeddable":true,"href":"https:\/\/rnoticias.com.mx\/Portal\/wp-json\/wp\/v2\/categories?post=221448"},{"taxonomy":"post_tag","embeddable":true,"href":"https:\/\/rnoticias.com.mx\/Portal\/wp-json\/wp\/v2\/tags?post=221448"}],"curies":[{"name":"wp","href":"https:\/\/api.w.org\/{rel}","templated":true}]}}