{"id":221445,"date":"2025-06-13T07:24:56","date_gmt":"2025-06-13T14:24:56","guid":{"rendered":"https:\/\/rnoticias.com.mx\/Portal\/?p=221445"},"modified":"2025-06-13T07:24:56","modified_gmt":"2025-06-13T14:24:56","slug":"repudian-violencia-contra-migrantes-en-ee-uu-desde-el-seminario-ninez-migrante","status":"publish","type":"post","link":"https:\/\/rnoticias.com.mx\/Portal\/2025\/06\/13\/repudian-violencia-contra-migrantes-en-ee-uu-desde-el-seminario-ninez-migrante\/","title":{"rendered":"Repudian violencia contra migrantes en EE.UU. desde el seminario Ni\u00f1ez Migrante"},"content":{"rendered":"<p>Los recientes actos de violencia ejercidos por agentes de la Guardia Nacional y de la Armada estadounidense contra personas migrantes en Los \u00c1ngeles, California, generaron una fuerte condena desde el Seminario Ni\u00f1ez Migrante, en Sonora.<\/p>\n<p>&nbsp;<\/p>\n<p>La coordinadora del seminario, doctora Gloria Siria Vald\u00e9s Gardea, hizo un llamado en\u00e9rgico a la Canciller\u00eda mexicana para que act\u00fae mediante los consulados en Estados Unidos y brinde apoyo directo a los connacionales afectados.<\/p>\n<p>&nbsp;<\/p>\n<p><strong>\u201cRechazamos en\u00e9rgicamente las redadas y la separaci\u00f3n de familias no solo en California, sino tambi\u00e9n en otras entidades como Arizona e Illinois. De la misma forma estamos denunciando sobre el impacto emocional que estos operativos est\u00e1n causando en la poblaci\u00f3n migrante, en particular en ni\u00f1as, ni\u00f1os y adolescentes, quienes enfrentan cuadros de ansiedad, miedo e incertidumbre\u201d, asegur\u00f3.<\/strong><\/p>\n<p>&nbsp;<\/p>\n<p>Vald\u00e9s Gardea inform\u00f3 que en Hermosillo, Sonora, existen recursos de apoyo para quienes decidan regresar, incluyendo un mapa solidario con servicios comunitarios y comedores accesible mediante c\u00f3digo QR.<\/p>\n<p>&nbsp;<\/p>\n<p>Tambi\u00e9n destac\u00f3 que todos los menores procedentes de Estados Unidos, con o sin documentos migratorios, tienen garantizado su ingreso al sistema educativo estatal gracias a la iniciativa \u201cmesa bancos en espera\u201d, vigente desde hace un mes.<\/p>\n<h1><\/h1>\n","protected":false},"excerpt":{"rendered":"<p>Los recientes actos de violencia ejercidos por agentes de la Guardia Nacional y de la Armada estadounidense contra personas migrantes en Los \u00c1ngeles, California, generaron una fuerte condena desde el Seminario Ni\u00f1ez Migrante, en Sonora. &nbsp; La coordinadora del seminario, doctora Gloria Siria Vald\u00e9s Gardea, hizo un llamado en\u00e9rgico a la Canciller\u00eda mexicana para que [&hellip;]<\/p>\n","protected":false},"author":2,"featured_media":221446,"comment_status":"closed","ping_status":"closed","sticky":false,"template":"","format":"standard","meta":{"footnotes":""},"categories":[12870,178],"tags":[12865,12869],"class_list":["post-221445","post","type-post","status-publish","format-standard","has-post-thumbnail","hentry","category-destacadas","category-local","tag-destacadas","tag-local"],"jetpack_featured_media_url":"https:\/\/rnoticias.com.mx\/Portal\/wp-content\/uploads\/2025\/06\/202312americas_us_wr_sp.webp","amp_enabled":true,"_links":{"self":[{"href":"https:\/\/rnoticias.com.mx\/Portal\/wp-json\/wp\/v2\/posts\/221445","targetHints":{"allow":["GET"]}}],"collection":[{"href":"https:\/\/rnoticias.com.mx\/Portal\/wp-json\/wp\/v2\/posts"}],"about":[{"href":"https:\/\/rnoticias.com.mx\/Portal\/wp-json\/wp\/v2\/types\/post"}],"author":[{"embeddable":true,"href":"https:\/\/rnoticias.com.mx\/Portal\/wp-json\/wp\/v2\/users\/2"}],"replies":[{"embeddable":true,"href":"https:\/\/rnoticias.com.mx\/Portal\/wp-json\/wp\/v2\/comments?post=221445"}],"version-history":[{"count":1,"href":"https:\/\/rnoticias.com.mx\/Portal\/wp-json\/wp\/v2\/posts\/221445\/revisions"}],"predecessor-version":[{"id":221447,"href":"https:\/\/rnoticias.com.mx\/Portal\/wp-json\/wp\/v2\/posts\/221445\/revisions\/221447"}],"wp:featuredmedia":[{"embeddable":true,"href":"https:\/\/rnoticias.com.mx\/Portal\/wp-json\/wp\/v2\/media\/221446"}],"wp:attachment":[{"href":"https:\/\/rnoticias.com.mx\/Portal\/wp-json\/wp\/v2\/media?parent=221445"}],"wp:term":[{"taxonomy":"category","embeddable":true,"href":"https:\/\/rnoticias.com.mx\/Portal\/wp-json\/wp\/v2\/categories?post=221445"},{"taxonomy":"post_tag","embeddable":true,"href":"https:\/\/rnoticias.com.mx\/Portal\/wp-json\/wp\/v2\/tags?post=221445"}],"curies":[{"name":"wp","href":"https:\/\/api.w.org\/{rel}","templated":true}]}}