{"id":221439,"date":"2025-06-13T07:05:39","date_gmt":"2025-06-13T14:05:39","guid":{"rendered":"https:\/\/rnoticias.com.mx\/Portal\/?p=221439"},"modified":"2025-06-13T07:05:39","modified_gmt":"2025-06-13T14:05:39","slug":"proyeccion-de-ventas-para-el-dia-del-padre-un-ligero-repunte-canaco-hmo","status":"publish","type":"post","link":"https:\/\/rnoticias.com.mx\/Portal\/2025\/06\/13\/proyeccion-de-ventas-para-el-dia-del-padre-un-ligero-repunte-canaco-hmo\/","title":{"rendered":"Proyecci\u00f3n de ventas para el D\u00eda del Padre, un ligero repunte: Canaco HMO"},"content":{"rendered":"<p>Hermosillo, Sonora. La C\u00e1mara Nacional de Comercio (Canaco) en Hermosillo prev\u00e9 que las ventas durante el D\u00eda del Padre registren un aumento moderado en comparaci\u00f3n con otros festejos como el D\u00eda de las Madres, San Valent\u00edn o el D\u00eda del Ni\u00f1o, resalt\u00f3 su presidente Javier Moreno.<\/p>\n<p>&nbsp;<\/p>\n<p>\u201cSi hay aumento, pero no es muy considerable, anda en alrededor de un 10 o un 15 por ciento arriba de las ventas regulares. Si ayuda un poco, ojal\u00e1 sea m\u00e1s\u201d, afirm\u00f3.<\/p>\n<p>&nbsp;<\/p>\n<p>Sobre los giros comerciales que m\u00e1s se benefician de esta celebraci\u00f3n, resalt\u00f3 que son principalmente aquellos dedicados a la venta de regalos, ropa y accesorios, as\u00ed como restaurantes para invitar a los pap\u00e1s a comer.<\/p>\n<p>&nbsp;<\/p>\n<p>\u201cTambi\u00e9n a los pap\u00e1s nos regalan productos como carteras, camisas y prendas de vestir que son de los m\u00e1s buscados por los consumidores que desean consentir a sus padres con un detalle especial. Aunque el impacto no es tan marcado como en otras fechas, el D\u00eda del Padre contribuye a dinamizar la econom\u00eda de estos sectores\u201d, reconoci\u00f3.<\/p>\n<p>&nbsp;<\/p>\n<p>Por \u00faltimo, el l\u00edder empresarial manifest\u00f3 que desde Canaco Hermosillo se espera que este a\u00f1o los consumidores celebren a\u00fan m\u00e1s a sus padres con obsequios que vayan m\u00e1s all\u00e1 de las muestras de cari\u00f1o tradicionales.<\/p>\n<p>&nbsp;<\/p>\n","protected":false},"excerpt":{"rendered":"<p>Hermosillo, Sonora. La C\u00e1mara Nacional de Comercio (Canaco) en Hermosillo prev\u00e9 que las ventas durante el D\u00eda del Padre registren un aumento moderado en comparaci\u00f3n con otros festejos como el D\u00eda de las Madres, San Valent\u00edn o el D\u00eda del Ni\u00f1o, resalt\u00f3 su presidente Javier Moreno. &nbsp; \u201cSi hay aumento, pero no es muy considerable, [&hellip;]<\/p>\n","protected":false},"author":2,"featured_media":221440,"comment_status":"closed","ping_status":"closed","sticky":false,"template":"","format":"standard","meta":{"footnotes":""},"categories":[12870,178],"tags":[12865,12869],"class_list":["post-221439","post","type-post","status-publish","format-standard","has-post-thumbnail","hentry","category-destacadas","category-local","tag-destacadas","tag-local"],"jetpack_featured_media_url":"https:\/\/rnoticias.com.mx\/Portal\/wp-content\/uploads\/2025\/06\/f1280x720-94473_226148_5050.webp","amp_enabled":true,"_links":{"self":[{"href":"https:\/\/rnoticias.com.mx\/Portal\/wp-json\/wp\/v2\/posts\/221439","targetHints":{"allow":["GET"]}}],"collection":[{"href":"https:\/\/rnoticias.com.mx\/Portal\/wp-json\/wp\/v2\/posts"}],"about":[{"href":"https:\/\/rnoticias.com.mx\/Portal\/wp-json\/wp\/v2\/types\/post"}],"author":[{"embeddable":true,"href":"https:\/\/rnoticias.com.mx\/Portal\/wp-json\/wp\/v2\/users\/2"}],"replies":[{"embeddable":true,"href":"https:\/\/rnoticias.com.mx\/Portal\/wp-json\/wp\/v2\/comments?post=221439"}],"version-history":[{"count":1,"href":"https:\/\/rnoticias.com.mx\/Portal\/wp-json\/wp\/v2\/posts\/221439\/revisions"}],"predecessor-version":[{"id":221441,"href":"https:\/\/rnoticias.com.mx\/Portal\/wp-json\/wp\/v2\/posts\/221439\/revisions\/221441"}],"wp:featuredmedia":[{"embeddable":true,"href":"https:\/\/rnoticias.com.mx\/Portal\/wp-json\/wp\/v2\/media\/221440"}],"wp:attachment":[{"href":"https:\/\/rnoticias.com.mx\/Portal\/wp-json\/wp\/v2\/media?parent=221439"}],"wp:term":[{"taxonomy":"category","embeddable":true,"href":"https:\/\/rnoticias.com.mx\/Portal\/wp-json\/wp\/v2\/categories?post=221439"},{"taxonomy":"post_tag","embeddable":true,"href":"https:\/\/rnoticias.com.mx\/Portal\/wp-json\/wp\/v2\/tags?post=221439"}],"curies":[{"name":"wp","href":"https:\/\/api.w.org\/{rel}","templated":true}]}}