{"id":221436,"date":"2025-06-13T06:55:16","date_gmt":"2025-06-13T13:55:16","guid":{"rendered":"https:\/\/rnoticias.com.mx\/Portal\/?p=221436"},"modified":"2025-06-13T06:55:16","modified_gmt":"2025-06-13T13:55:16","slug":"lucha-femenil-de-sonora-cierra-con-plata-y-bronce-en-la-on-2025","status":"publish","type":"post","link":"https:\/\/rnoticias.com.mx\/Portal\/2025\/06\/13\/lucha-femenil-de-sonora-cierra-con-plata-y-bronce-en-la-on-2025\/","title":{"rendered":"LUCHA FEMENIL DE SONORA CIERRA CON PLATA Y BRONCE EN LA ON 2025"},"content":{"rendered":"<p class=\"x_gmail-MsoNoSpacing\"><span data-olk-copy-source=\"MessageBody\">Hermosillo, Sonora, 13 de junio del 2025.- Las gladiadoras sonorenses se despidieron de la Olimpiada Nacional 2025 de luchas asociadas con una jornada de dos medallas: una de plata y un bronce, que obtuvieron este jueves en la segunda y \u00faltima sesi\u00f3n de la rama femenil en Tlaxcala, Tlaxcala.<\/span><\/p>\n<p class=\"x_gmail-MsoNoSpacing\">\n<p class=\"x_gmail-MsoNoSpacing\">La presea argenta la consigui\u00f3 Sof\u00eda Luna (categor\u00eda U17 en los 57 kilogramos) y la de tercer puesto fue para Valeria Molina (U20 en 62), en el cierre de las actividades de mujeres en el Centro de Convenciones de la capital tlaxcalteca.<\/p>\n<p class=\"x_gmail-MsoNoSpacing\">\n<p class=\"x_gmail-MsoNoSpacing\">En el caso de Luna Ortega, la sonorense cay\u00f3 en la final con la tabasque\u00f1a Valentina Talavera Padr\u00f3n, quien la sorprendi\u00f3 con una llave que la rindi\u00f3, despu\u00e9s de que estaba al frente en el combate. En semifinales Sof\u00eda derrot\u00f3 a Berenice \u00c1lvarez, de Puebla.<\/p>\n<p class=\"x_gmail-MsoNoSpacing\">\n<p class=\"x_gmail-MsoNoSpacing\">Por su parte Molina Palomino logr\u00f3 su avance a las semifinales en la ronda eliminatoria, pero en esa fase sufri\u00f3 el rev\u00e9s en contra de la regiomontana Neevis Cant\u00fa, con lo que termin\u00f3 en la tercera posici\u00f3n y atrap\u00f3 el bronce.<\/p>\n<p class=\"x_gmail-MsoNoSpacing\">\n<p class=\"x_gmail-MsoNoSpacing\">Despu\u00e9s de cuatro d\u00edas de competencias en las luchas asociadas, Sonora suma 16 medallas: 4 oros, 4 platas y 8 bronces; la actividad proseguir\u00e1 este viernes y concluir\u00e1 el s\u00e1bado con el estilo libre varonil, para completar el cerrojazo final a la Olimpiada Nacional 2025 de la disciplina en Tlaxcala, Tlaxcala.<\/p>\n<p class=\"x_gmail-MsoNoSpacing\">\n<p class=\"x_gmail-MsoNoSpacing\">NOTA: Queda pendiente informaci\u00f3n de ON de softbol, que se enviar\u00e1 m\u00e1s tarde<\/p>\n","protected":false},"excerpt":{"rendered":"<p>Hermosillo, Sonora, 13 de junio del 2025.- Las gladiadoras sonorenses se despidieron de la Olimpiada Nacional 2025 de luchas asociadas con una jornada de dos medallas: una de plata y un bronce, que obtuvieron este jueves en la segunda y \u00faltima sesi\u00f3n de la rama femenil en Tlaxcala, Tlaxcala. La presea argenta la consigui\u00f3 Sof\u00eda [&hellip;]<\/p>\n","protected":false},"author":2,"featured_media":221437,"comment_status":"closed","ping_status":"closed","sticky":false,"template":"","format":"standard","meta":{"footnotes":""},"categories":[188,12870],"tags":[5231,12865],"class_list":["post-221436","post","type-post","status-publish","format-standard","has-post-thumbnail","hentry","category-deportes","category-destacadas","tag-deportes","tag-destacadas"],"jetpack_featured_media_url":"https:\/\/rnoticias.com.mx\/Portal\/wp-content\/uploads\/2025\/06\/Valeria-Molina-Palomino-bronce-luchas-scaled.jpg","amp_enabled":true,"_links":{"self":[{"href":"https:\/\/rnoticias.com.mx\/Portal\/wp-json\/wp\/v2\/posts\/221436","targetHints":{"allow":["GET"]}}],"collection":[{"href":"https:\/\/rnoticias.com.mx\/Portal\/wp-json\/wp\/v2\/posts"}],"about":[{"href":"https:\/\/rnoticias.com.mx\/Portal\/wp-json\/wp\/v2\/types\/post"}],"author":[{"embeddable":true,"href":"https:\/\/rnoticias.com.mx\/Portal\/wp-json\/wp\/v2\/users\/2"}],"replies":[{"embeddable":true,"href":"https:\/\/rnoticias.com.mx\/Portal\/wp-json\/wp\/v2\/comments?post=221436"}],"version-history":[{"count":1,"href":"https:\/\/rnoticias.com.mx\/Portal\/wp-json\/wp\/v2\/posts\/221436\/revisions"}],"predecessor-version":[{"id":221438,"href":"https:\/\/rnoticias.com.mx\/Portal\/wp-json\/wp\/v2\/posts\/221436\/revisions\/221438"}],"wp:featuredmedia":[{"embeddable":true,"href":"https:\/\/rnoticias.com.mx\/Portal\/wp-json\/wp\/v2\/media\/221437"}],"wp:attachment":[{"href":"https:\/\/rnoticias.com.mx\/Portal\/wp-json\/wp\/v2\/media?parent=221436"}],"wp:term":[{"taxonomy":"category","embeddable":true,"href":"https:\/\/rnoticias.com.mx\/Portal\/wp-json\/wp\/v2\/categories?post=221436"},{"taxonomy":"post_tag","embeddable":true,"href":"https:\/\/rnoticias.com.mx\/Portal\/wp-json\/wp\/v2\/tags?post=221436"}],"curies":[{"name":"wp","href":"https:\/\/api.w.org\/{rel}","templated":true}]}}