{"id":221423,"date":"2025-06-12T20:26:25","date_gmt":"2025-06-13T03:26:25","guid":{"rendered":"https:\/\/rnoticias.com.mx\/Portal\/?p=221423"},"modified":"2025-06-12T20:26:25","modified_gmt":"2025-06-13T03:26:25","slug":"posicionamiento-de-la-comision-de-asuntos-internacionales-fronterizos-y-atencion-al-migrante-del-congreso-del-estado-de-sonora","status":"publish","type":"post","link":"https:\/\/rnoticias.com.mx\/Portal\/2025\/06\/12\/posicionamiento-de-la-comision-de-asuntos-internacionales-fronterizos-y-atencion-al-migrante-del-congreso-del-estado-de-sonora\/","title":{"rendered":"Posicionamiento de la Comisi\u00f3n de Asuntos Internacionales, Fronterizos y Atenci\u00f3n al Migrante del Congreso del Estado de Sonora"},"content":{"rendered":"<p>Hermosillo, Sonora, a 12 de junio de 2025.- Ante los hechos recientes en Los \u00c1ngeles, California ,donde miles de personas han salido a manifestarse en contra de las redadas migratorias implementadas por autoridades federales de los Estados Unidos, expresamos nuestra profunda preocupaci\u00f3n y en\u00e9rgico rechazo a cualquier acci\u00f3n que vulnere los derechos humanos de la comunidad migrante, en particular de nuestras hermanas y hermanos mexicanos.<\/p>\n<p>Desde la presidencia de la Comisi\u00f3n de Asuntos Internacionales, Fronterizos y Atenci\u00f3n al Migrante del Congreso del Estado de Sonora, sostenemos que ninguna pol\u00edtica migratoria debe ejercerse a costa de la dignidad, la integridad y la seguridad de las personas.<\/p>\n<p>Las im\u00e1genes de familias separadas, detenciones arbitrarias y uso desproporcionado de la fuerza no pueden ser normalizadas ni justificadas.<\/p>\n<p>Lo que est\u00e1 ocurriendo en Los Angeles no es s\u00f3lo un asunto legal: es una crisis humanitaria que exige atenci\u00f3n urgente y acci\u00f3n decidida.<\/p>\n<p>Muchas de las personas afectadas llevan a\u00f1os -incluso d\u00e9cadas- construyendo su vida en los Estados Unidos, contribuyendo con su trabajo, talento y compromiso al desarrollo econ\u00f3mico y social de ese pa\u00eds.<\/p>\n<p>Lejos de recibir reconocimiento, hoy enfrentan persecuci\u00f3n, miedo y criminalizaci\u00f3n.<\/p>\n<p>Hacemos un llamado respetuoso, pero firme, al gobierno de los Estados Unidos para que ponga fin de inmediato a estas pr\u00e1cticas y garantice el respeto pleno a los derechos humanos en todos sus procedimientos migratorios.<\/p>\n<p>Al Gobierno de M\u00e9xico, le pedimos reforzar la atenci\u00f3n consular, brindar asistencia legal efectiva y ofrecer acompa\u00f1amiento psicoemocional a las personas detenidas y a sus familias.<\/p>\n<p>Desde Sonora, una tierra profundamente marcada por la experiencia migrante, por el cruce de sue\u00f1os, desaf\u00edos y esperanzas, no permaneceremos en silencio.<\/p>\n<p>Como Congreso, reiteramos nuestro compromiso de trabajar por pol\u00edticas p\u00fablicas que protejan y dignifiquen a quienes han tenido que dejar su hogar en busca de un mejor futuro.<\/p>\n<p>Acompa\u00f1amos solidariamente a nuestras comunidades migrantes y reiteramos que cuentan con nuestro respaldo institucional, legal y humano.<\/p>\n<p>Atentamente,<br \/>\nDiputado David Figueroa Ortega<\/p>\n","protected":false},"excerpt":{"rendered":"<p>Hermosillo, Sonora, a 12 de junio de 2025.- Ante los hechos recientes en Los \u00c1ngeles, California ,donde miles de personas han salido a manifestarse en contra de las redadas migratorias implementadas por autoridades federales de los Estados Unidos, expresamos nuestra profunda preocupaci\u00f3n y en\u00e9rgico rechazo a cualquier acci\u00f3n que vulnere los derechos humanos de la [&hellip;]<\/p>\n","protected":false},"author":2,"featured_media":221424,"comment_status":"closed","ping_status":"closed","sticky":false,"template":"","format":"standard","meta":{"footnotes":""},"categories":[12870,12868],"tags":[12865,12879],"class_list":["post-221423","post","type-post","status-publish","format-standard","has-post-thumbnail","hentry","category-destacadas","category-politica","tag-destacadas","tag-politica"],"jetpack_featured_media_url":"https:\/\/rnoticias.com.mx\/Portal\/wp-content\/uploads\/2025\/06\/5e3eb32b-c33c-401e-a2a1-a4b47c08eb66.jpg","amp_enabled":true,"_links":{"self":[{"href":"https:\/\/rnoticias.com.mx\/Portal\/wp-json\/wp\/v2\/posts\/221423","targetHints":{"allow":["GET"]}}],"collection":[{"href":"https:\/\/rnoticias.com.mx\/Portal\/wp-json\/wp\/v2\/posts"}],"about":[{"href":"https:\/\/rnoticias.com.mx\/Portal\/wp-json\/wp\/v2\/types\/post"}],"author":[{"embeddable":true,"href":"https:\/\/rnoticias.com.mx\/Portal\/wp-json\/wp\/v2\/users\/2"}],"replies":[{"embeddable":true,"href":"https:\/\/rnoticias.com.mx\/Portal\/wp-json\/wp\/v2\/comments?post=221423"}],"version-history":[{"count":1,"href":"https:\/\/rnoticias.com.mx\/Portal\/wp-json\/wp\/v2\/posts\/221423\/revisions"}],"predecessor-version":[{"id":221425,"href":"https:\/\/rnoticias.com.mx\/Portal\/wp-json\/wp\/v2\/posts\/221423\/revisions\/221425"}],"wp:featuredmedia":[{"embeddable":true,"href":"https:\/\/rnoticias.com.mx\/Portal\/wp-json\/wp\/v2\/media\/221424"}],"wp:attachment":[{"href":"https:\/\/rnoticias.com.mx\/Portal\/wp-json\/wp\/v2\/media?parent=221423"}],"wp:term":[{"taxonomy":"category","embeddable":true,"href":"https:\/\/rnoticias.com.mx\/Portal\/wp-json\/wp\/v2\/categories?post=221423"},{"taxonomy":"post_tag","embeddable":true,"href":"https:\/\/rnoticias.com.mx\/Portal\/wp-json\/wp\/v2\/tags?post=221423"}],"curies":[{"name":"wp","href":"https:\/\/api.w.org\/{rel}","templated":true}]}}