{"id":221417,"date":"2025-06-12T20:22:44","date_gmt":"2025-06-13T03:22:44","guid":{"rendered":"https:\/\/rnoticias.com.mx\/Portal\/?p=221417"},"modified":"2025-06-12T20:22:44","modified_gmt":"2025-06-13T03:22:44","slug":"ante-redadas-en-eu-se-reunen-los-50-consules-de-mexico-en-eu","status":"publish","type":"post","link":"https:\/\/rnoticias.com.mx\/Portal\/2025\/06\/12\/ante-redadas-en-eu-se-reunen-los-50-consules-de-mexico-en-eu\/","title":{"rendered":"Ante redadas en EU, se re\u00fanen los 50 c\u00f3nsules de M\u00e9xico en EU"},"content":{"rendered":"<p>Este jueves 12 de junio, los titulares de los 50 consulados de M\u00e9xico en Estados Unidos se reunieron con\u00a0<strong>Roberto Velasco<\/strong>, jefe de la Unidad para Am\u00e9rica del Norte, de la Secretar\u00eda de Relaciones Exteriores (SRE), para revisar la estrategia de protecci\u00f3n y atenci\u00f3n a los y las connacionales, ante las redadas en Los \u00c1ngeles y otras ciudades estadounidenses.<\/p>\n<p><strong><em>\u201cDesde el Gobierno de M\u00e9xico seguiremos condenando cualquier acto de violencia, a la par, pedimos respeto a la dignidad humana\u201d,\u00a0<\/em><\/strong>extern\u00f3 en sus redes.<\/p>\n<p>El funcionario de la SRE reiter\u00f3 la instrucci\u00f3n de la presidenta Claudia Sheinbaum Pardo y del canciller Juan Ram\u00f3n de la Fuente para apoyar en lo que requiera la red consular para robustecer sus labores.<\/p>\n<p><strong><em>\u201cSeguimos sumando esfuerzos para orientar y acompa\u00f1ar a la comunidad de M\u00e9xico, subrayando que estamos con ellos en todo momento\u201d,\u00a0<\/em><\/strong>dijo Velasco tras la reuni\u00f3n virtual con los titulares de las representaciones consulares.<\/p>\n<p>Afirm\u00f3 que se har\u00e1<em><strong>\u00a0\u201ctodo en nuestras manos, dentro del marco jur\u00eddico internacional y legal en Estados Unidos, para proteger a nuestros connacionales\u201d.<\/strong><\/em><\/p>\n<p><strong><em>\u201cEstamos en di\u00e1logo permanente con contrapartes estadounidenses en todos los niveles para que los procedimientos migratorios se realicen con apego al debido proceso\u201d,\u00a0<\/em><\/strong>a\u00f1adi\u00f3.<\/p>\n<p>&nbsp;<\/p>\n<p>El Universal<\/p>\n","protected":false},"excerpt":{"rendered":"<p>Este jueves 12 de junio, los titulares de los 50 consulados de M\u00e9xico en Estados Unidos se reunieron con\u00a0Roberto Velasco, jefe de la Unidad para Am\u00e9rica del Norte, de la Secretar\u00eda de Relaciones Exteriores (SRE), para revisar la estrategia de protecci\u00f3n y atenci\u00f3n a los y las connacionales, ante las redadas en Los \u00c1ngeles y [&hellip;]<\/p>\n","protected":false},"author":2,"featured_media":221418,"comment_status":"closed","ping_status":"closed","sticky":false,"template":"","format":"standard","meta":{"footnotes":""},"categories":[12870,172],"tags":[12865,12874],"class_list":["post-221417","post","type-post","status-publish","format-standard","has-post-thumbnail","hentry","category-destacadas","category-nacional","tag-destacadas","tag-nacional"],"jetpack_featured_media_url":"https:\/\/rnoticias.com.mx\/Portal\/wp-content\/uploads\/2025\/06\/AA1GBQy6.jpg","amp_enabled":true,"_links":{"self":[{"href":"https:\/\/rnoticias.com.mx\/Portal\/wp-json\/wp\/v2\/posts\/221417","targetHints":{"allow":["GET"]}}],"collection":[{"href":"https:\/\/rnoticias.com.mx\/Portal\/wp-json\/wp\/v2\/posts"}],"about":[{"href":"https:\/\/rnoticias.com.mx\/Portal\/wp-json\/wp\/v2\/types\/post"}],"author":[{"embeddable":true,"href":"https:\/\/rnoticias.com.mx\/Portal\/wp-json\/wp\/v2\/users\/2"}],"replies":[{"embeddable":true,"href":"https:\/\/rnoticias.com.mx\/Portal\/wp-json\/wp\/v2\/comments?post=221417"}],"version-history":[{"count":1,"href":"https:\/\/rnoticias.com.mx\/Portal\/wp-json\/wp\/v2\/posts\/221417\/revisions"}],"predecessor-version":[{"id":221419,"href":"https:\/\/rnoticias.com.mx\/Portal\/wp-json\/wp\/v2\/posts\/221417\/revisions\/221419"}],"wp:featuredmedia":[{"embeddable":true,"href":"https:\/\/rnoticias.com.mx\/Portal\/wp-json\/wp\/v2\/media\/221418"}],"wp:attachment":[{"href":"https:\/\/rnoticias.com.mx\/Portal\/wp-json\/wp\/v2\/media?parent=221417"}],"wp:term":[{"taxonomy":"category","embeddable":true,"href":"https:\/\/rnoticias.com.mx\/Portal\/wp-json\/wp\/v2\/categories?post=221417"},{"taxonomy":"post_tag","embeddable":true,"href":"https:\/\/rnoticias.com.mx\/Portal\/wp-json\/wp\/v2\/tags?post=221417"}],"curies":[{"name":"wp","href":"https:\/\/api.w.org\/{rel}","templated":true}]}}