{"id":221399,"date":"2025-06-12T19:40:16","date_gmt":"2025-06-13T02:40:16","guid":{"rendered":"https:\/\/rnoticias.com.mx\/Portal\/?p=221399"},"modified":"2025-06-12T19:40:16","modified_gmt":"2025-06-13T02:40:16","slug":"turna-congreso-de-sonora-iniciativa-de-salud-y-presenta-posicionamientos-sobre-migracion-cultura-y-poder-judicial","status":"publish","type":"post","link":"https:\/\/rnoticias.com.mx\/Portal\/2025\/06\/12\/turna-congreso-de-sonora-iniciativa-de-salud-y-presenta-posicionamientos-sobre-migracion-cultura-y-poder-judicial\/","title":{"rendered":"Turna Congreso de Sonora iniciativa de salud y presenta posicionamientos sobre migraci\u00f3n, cultura y Poder Judicial"},"content":{"rendered":"<p>Hermosillo, Sonora; 12 de junio de 2025.- Durante la sesi\u00f3n de la Mesa Directiva de la Diputaci\u00f3n Permanente del Congreso del Estado de Sonora, se turn\u00f3 a comisi\u00f3n una iniciativa de reforma a la Ley de Salud y se presentaron diversos posicionamientos sobre los hechos ocurridos contra migrantes en Los \u00c1ngeles, California; la situaci\u00f3n del Grupo Antares Danza Contempor\u00e1nea, y la elecci\u00f3n del 1 de junio en el Poder Judicial. Asimismo, se aprobaron las actas correspondientes a las sesiones celebradas los d\u00edas 9, 13, 16, 21 y 27 de mayo, as\u00ed como la del 4 de junio.<\/p>\n<p>La diputada Iris Fernanda S\u00e1nchez Chiu (PRI) present\u00f3 una iniciativa para reformar la Ley de Salud, con el objetivo de crear un programa estatal que prevenga y atienda enfermedades derivadas de las altas temperaturas, como el golpe de calor. La propuesta contempla campa\u00f1as de prevenci\u00f3n, monitoreo clim\u00e1tico, identificaci\u00f3n de zonas y poblaciones vulnerables, as\u00ed como protocolos m\u00e9dicos, especialmente durante la primavera y el verano. La iniciativa fue turnada a la Comisi\u00f3n de Salud para su an\u00e1lisis.<\/p>\n<p>El diputado David Figueroa Ortega (PVEM), presidente de la Comisi\u00f3n de Asuntos Internacionales, Fronterizos y Atenci\u00f3n al Migrante, present\u00f3 un posicionamiento en el que rechaz\u00f3 las redadas migratorias en Estados Unidos, subrayando que ninguna pol\u00edtica debe violar los derechos humanos. Hizo un llamado al gobierno estadounidense a detener dichas acciones, respald\u00f3 al Gobierno de M\u00e9xico por su apoyo a la comunidad migrante y reiter\u00f3 el compromiso del Poder Legislativo de proteger y acompa\u00f1ar a esta poblaci\u00f3n.<\/p>\n<p>A nombre del grupo parlamentario de Movimiento Ciudadano, la diputada Gabriela F\u00e9lix expres\u00f3 su respaldo al Grupo Antares Danza Contempor\u00e1nea y reprob\u00f3 la decisi\u00f3n del Instituto Sonorense de Cultura (ISC) de retirarles el espacio que han utilizado por m\u00e1s de 38 a\u00f1os. Asimismo, hizo un llamado a ampliar la infraestructura cultural en lugar de limitar la ya existente, recordando que el presupuesto destinado a cultura aument\u00f3 durante el presente a\u00f1o.<\/p>\n<p>El diputado Emeterio Ochoa (PRI) emiti\u00f3 un posicionamiento en el que denunci\u00f3 que la reciente elecci\u00f3n en el Poder Judicial de Sonora represent\u00f3 un golpe a la independencia y a la divisi\u00f3n de poderes, al considerar que estuvo marcada por manipulaci\u00f3n pol\u00edtica, baja participaci\u00f3n ciudadana y falta de transparencia, ejemplificando esto \u00faltimo con la presunta renuncia forzada de magistrados electos.<\/p>\n<p>Por su parte, la diputada Ros\u00e1ngela Pe\u00f1a (PES) destac\u00f3 en su posicionamiento que la reforma al Poder Judicial y la elecci\u00f3n por voto popular tienen como objetivo erradicar la impunidad y acercar la justicia al pueblo, consider\u00e1ndola un hecho hist\u00f3rico que fortalece la democracia y la legitimidad del sistema judicial en M\u00e9xico.<\/p>\n<p>En el mismo tema, la diputada Mar\u00eda Eduwiges Espinoza Tapia (Morena) coincidi\u00f3 en que la elecci\u00f3n del 1 de junio refleja un modelo de gobierno comprometido con las y los mexicanos, orientado a construir un sistema m\u00e1s honesto y justo.<\/p>\n<p>Con oportunidad, se publicar\u00e1 en la Gaceta Parlamentaria el aviso de la Mesa Directiva para convocar a la pr\u00f3xima sesi\u00f3n.<\/p>\n","protected":false},"excerpt":{"rendered":"<p>Hermosillo, Sonora; 12 de junio de 2025.- Durante la sesi\u00f3n de la Mesa Directiva de la Diputaci\u00f3n Permanente del Congreso del Estado de Sonora, se turn\u00f3 a comisi\u00f3n una iniciativa de reforma a la Ley de Salud y se presentaron diversos posicionamientos sobre los hechos ocurridos contra migrantes en Los \u00c1ngeles, California; la situaci\u00f3n del [&hellip;]<\/p>\n","protected":false},"author":2,"featured_media":221400,"comment_status":"closed","ping_status":"closed","sticky":false,"template":"","format":"standard","meta":{"footnotes":""},"categories":[12870,12868],"tags":[12865,12879],"class_list":["post-221399","post","type-post","status-publish","format-standard","has-post-thumbnail","hentry","category-destacadas","category-politica","tag-destacadas","tag-politica"],"jetpack_featured_media_url":"https:\/\/rnoticias.com.mx\/Portal\/wp-content\/uploads\/2025\/06\/descarga-5.jpg","amp_enabled":true,"_links":{"self":[{"href":"https:\/\/rnoticias.com.mx\/Portal\/wp-json\/wp\/v2\/posts\/221399","targetHints":{"allow":["GET"]}}],"collection":[{"href":"https:\/\/rnoticias.com.mx\/Portal\/wp-json\/wp\/v2\/posts"}],"about":[{"href":"https:\/\/rnoticias.com.mx\/Portal\/wp-json\/wp\/v2\/types\/post"}],"author":[{"embeddable":true,"href":"https:\/\/rnoticias.com.mx\/Portal\/wp-json\/wp\/v2\/users\/2"}],"replies":[{"embeddable":true,"href":"https:\/\/rnoticias.com.mx\/Portal\/wp-json\/wp\/v2\/comments?post=221399"}],"version-history":[{"count":1,"href":"https:\/\/rnoticias.com.mx\/Portal\/wp-json\/wp\/v2\/posts\/221399\/revisions"}],"predecessor-version":[{"id":221401,"href":"https:\/\/rnoticias.com.mx\/Portal\/wp-json\/wp\/v2\/posts\/221399\/revisions\/221401"}],"wp:featuredmedia":[{"embeddable":true,"href":"https:\/\/rnoticias.com.mx\/Portal\/wp-json\/wp\/v2\/media\/221400"}],"wp:attachment":[{"href":"https:\/\/rnoticias.com.mx\/Portal\/wp-json\/wp\/v2\/media?parent=221399"}],"wp:term":[{"taxonomy":"category","embeddable":true,"href":"https:\/\/rnoticias.com.mx\/Portal\/wp-json\/wp\/v2\/categories?post=221399"},{"taxonomy":"post_tag","embeddable":true,"href":"https:\/\/rnoticias.com.mx\/Portal\/wp-json\/wp\/v2\/tags?post=221399"}],"curies":[{"name":"wp","href":"https:\/\/api.w.org\/{rel}","templated":true}]}}