{"id":221393,"date":"2025-06-12T18:55:20","date_gmt":"2025-06-13T01:55:20","guid":{"rendered":"https:\/\/rnoticias.com.mx\/Portal\/?p=221393"},"modified":"2025-06-12T18:55:20","modified_gmt":"2025-06-13T01:55:20","slug":"propone-iris-sanchez-chiu-reconocer-como-servicio-basico-de-salud-enfermedades-causadas-por-olas-de-calor-en-sonora","status":"publish","type":"post","link":"https:\/\/rnoticias.com.mx\/Portal\/2025\/06\/12\/propone-iris-sanchez-chiu-reconocer-como-servicio-basico-de-salud-enfermedades-causadas-por-olas-de-calor-en-sonora\/","title":{"rendered":"Propone Iris S\u00e1nchez Chiu reconocer como servicio b\u00e1sico de salud enfermedades causadas por olas de calor en Sonora"},"content":{"rendered":"<p>Hermosillo, Sonora, 12 de junio de 2025.- Con el objetivo de proteger la salud y la vida de miles de sonorenses expuestos a temperaturas extremas, especialmente trabajadores del campo y habitantes de regiones con climas severos, la Diputada Iris Fernanda S\u00e1nchez Chiu present\u00f3 ante el Congreso del Estado de Sonora una iniciativa de reforma a la Ley de Salud estatal para que la prevenci\u00f3n y atenci\u00f3n de enfermedades causadas por el calor se reconozcan como un servicio b\u00e1sico de salud.<\/p>\n<p>La propuesta incluye adem\u00e1s la creaci\u00f3n de un nuevo cap\u00edtulo en la Ley de Salud dedicado espec\u00edficamente a las enfermedades producidas por altas temperaturas, entre las que destaca el golpe de calor, padecimiento que puede ser mortal si no se atiende de forma oportuna.<\/p>\n<p>\u201cNo podemos seguir normalizando que personas trabajen a pleno sol a m\u00e1s de 45 grados sin protocolos de prevenci\u00f3n. Esta iniciativa de reforma a la Ley de Salud en Sonora busca salvar vidas al prevenir el golpe de calor y otras enfermedades relacionadas al clima extremo\u201d, afirm\u00f3 S\u00e1nchez Chiu durante la presentaci\u00f3n de la iniciativa.<\/p>\n<p>De acuerdo con datos de la Secretar\u00eda de Salud y organismos internacionales como la ONU y la Organizaci\u00f3n Meteorol\u00f3gica Mundial, las muertes y enfermedades por calor extremo han ido en aumento en los \u00faltimos a\u00f1os, siendo Sonora uno de los estados con mayor incidencia.<\/p>\n<p>Tan solo entre 2014 y 2021, m\u00e1s de 4,400 casos y 442 muertes relacionadas con el calor fueron registradas en la entidad.<\/p>\n<p>La iniciativa presentada por la diputada priista, contempla que las autoridades sanitarias trabajen en coordinaci\u00f3n con dependencias agr\u00edcolas, de protecci\u00f3n civil y comunicaci\u00f3n social, para implementar un programa integral de prevenci\u00f3n al golpe de calor, con campa\u00f1as informativas, monitoreo de zonas de riesgo, identificaci\u00f3n de poblaciones vulnerables y protocolos de atenci\u00f3n m\u00e9dica ante emergencias por calor.<\/p>\n<p>La propuesta presentada por Iris S\u00e1nchez, tambi\u00e9n se\u00f1ala que las personas m\u00e1s afectadas por las altas temperaturas suelen ser las m\u00e1s vulnerables, como jornaleros agr\u00edcolas, trabajadores de la construcci\u00f3n, y dem\u00e1s oficios que exigen por su naturaleza la exposici\u00f3n excesiva al sol en horarios con mayor radiaci\u00f3n.<\/p>\n<p>Finalmente est\u00e1 iniciativa presentada fue turnada a la Comisi\u00f3n de Salud para su an\u00e1lisis, dictaminaci\u00f3n y en su caso aprobaci\u00f3n.<\/p>\n","protected":false},"excerpt":{"rendered":"<p>Hermosillo, Sonora, 12 de junio de 2025.- Con el objetivo de proteger la salud y la vida de miles de sonorenses expuestos a temperaturas extremas, especialmente trabajadores del campo y habitantes de regiones con climas severos, la Diputada Iris Fernanda S\u00e1nchez Chiu present\u00f3 ante el Congreso del Estado de Sonora una iniciativa de reforma a [&hellip;]<\/p>\n","protected":false},"author":2,"featured_media":221394,"comment_status":"closed","ping_status":"closed","sticky":false,"template":"","format":"standard","meta":{"footnotes":""},"categories":[12870,12868],"tags":[12865,12879],"class_list":["post-221393","post","type-post","status-publish","format-standard","has-post-thumbnail","hentry","category-destacadas","category-politica","tag-destacadas","tag-politica"],"jetpack_featured_media_url":"https:\/\/rnoticias.com.mx\/Portal\/wp-content\/uploads\/2025\/06\/2c6a23a1-0c4b-4f7f-8ebf-81c8da2a3261.jpg","amp_enabled":true,"_links":{"self":[{"href":"https:\/\/rnoticias.com.mx\/Portal\/wp-json\/wp\/v2\/posts\/221393","targetHints":{"allow":["GET"]}}],"collection":[{"href":"https:\/\/rnoticias.com.mx\/Portal\/wp-json\/wp\/v2\/posts"}],"about":[{"href":"https:\/\/rnoticias.com.mx\/Portal\/wp-json\/wp\/v2\/types\/post"}],"author":[{"embeddable":true,"href":"https:\/\/rnoticias.com.mx\/Portal\/wp-json\/wp\/v2\/users\/2"}],"replies":[{"embeddable":true,"href":"https:\/\/rnoticias.com.mx\/Portal\/wp-json\/wp\/v2\/comments?post=221393"}],"version-history":[{"count":1,"href":"https:\/\/rnoticias.com.mx\/Portal\/wp-json\/wp\/v2\/posts\/221393\/revisions"}],"predecessor-version":[{"id":221395,"href":"https:\/\/rnoticias.com.mx\/Portal\/wp-json\/wp\/v2\/posts\/221393\/revisions\/221395"}],"wp:featuredmedia":[{"embeddable":true,"href":"https:\/\/rnoticias.com.mx\/Portal\/wp-json\/wp\/v2\/media\/221394"}],"wp:attachment":[{"href":"https:\/\/rnoticias.com.mx\/Portal\/wp-json\/wp\/v2\/media?parent=221393"}],"wp:term":[{"taxonomy":"category","embeddable":true,"href":"https:\/\/rnoticias.com.mx\/Portal\/wp-json\/wp\/v2\/categories?post=221393"},{"taxonomy":"post_tag","embeddable":true,"href":"https:\/\/rnoticias.com.mx\/Portal\/wp-json\/wp\/v2\/tags?post=221393"}],"curies":[{"name":"wp","href":"https:\/\/api.w.org\/{rel}","templated":true}]}}