{"id":221366,"date":"2025-06-12T17:57:25","date_gmt":"2025-06-13T00:57:25","guid":{"rendered":"https:\/\/rnoticias.com.mx\/Portal\/?p=221366"},"modified":"2025-06-12T17:57:25","modified_gmt":"2025-06-13T00:57:25","slug":"gobernador-alfonso-durazo-fortalece-igualdad-y-derechos-en-la-actualizacion-del-plan-estatal-de-desarrollo","status":"publish","type":"post","link":"https:\/\/rnoticias.com.mx\/Portal\/2025\/06\/12\/gobernador-alfonso-durazo-fortalece-igualdad-y-derechos-en-la-actualizacion-del-plan-estatal-de-desarrollo\/","title":{"rendered":"Gobernador Alfonso Durazo fortalece igualdad y derechos en la actualizaci\u00f3n del Plan Estatal de Desarrollo"},"content":{"rendered":"<p>Hermosillo, Sonora; 12 de junio de 2025.- Con el liderazgo del gobernador Alfonso Durazo, el Gobierno de Sonora llev\u00f3 a cabo el cuarto foro de consulta para la actualizaci\u00f3n del Plan Estatal de Desarrollo 2022-2027, con el eje Igualdad y derechos para todas y todos, centrado en garantizar los derechos humanos y la inclusi\u00f3n plena de todos los grupos sociales.<\/p>\n<p>En representaci\u00f3n del mandatario estatal, el secretario de Gobierno, Adolfo Salazar Razo, destac\u00f3 que estos espacios reafirman el compromiso de construir un Sonora m\u00e1s justo, equitativo e incluyente. \u201cSon muchos temas los que abarcan el dise\u00f1o de un Plan Estatal de Desarrollo, pero cuando hablamos de igualdad, cuando hablamos de derechos, hablamos de que deben ser para todas y todos\u201d, manifest\u00f3.<\/p>\n<p>El funcionario se\u00f1al\u00f3 que no se puede hablar de transformaci\u00f3n sin reconocer la igualdad y los derechos humanos como pilares fundamentales. \u201cNo podemos hablar de transformaci\u00f3n si no hablamos de igualdad, y no podemos hablar de una verdadera transformaci\u00f3n si no hablamos de derechos humanos\u201d, indic\u00f3.<\/p>\n<p>Agreg\u00f3 que los foros tambi\u00e9n permiten reflexionar sobre los avances alcanzados en los \u00faltimos a\u00f1os. \u201cYa a casi cuatro a\u00f1os de gobierno, podemos hablar de d\u00f3nde nos encontramos el d\u00eda de hoy, de los retos superados y los compromisos vigentes, de los avances en materia de bienestar y de pol\u00edticas p\u00fablicas a favor de la juventud, de nuestras y nuestros estudiantes, ni\u00f1as y ni\u00f1os\u201d, coment\u00f3.<\/p>\n<p>Durante el encuentro se instalaron tres mesas de trabajo: igualdad de g\u00e9nero, derechos de grupos hist\u00f3ricamente excluidos y participaci\u00f3n plena de la diversidad social, con la colaboraci\u00f3n de especialistas, acad\u00e9micos y representantes de colectivos ciudadanos.<\/p>\n<p>Con estos foros, el Gobierno de Sonora reafirma su compromiso de construir una pol\u00edtica p\u00fablica incluyente, donde todas las voces sean tomadas en cuenta para garantizar un desarrollo con justicia, equidad y paz social en todas las regiones del estado.<\/p>\n","protected":false},"excerpt":{"rendered":"<p>Hermosillo, Sonora; 12 de junio de 2025.- Con el liderazgo del gobernador Alfonso Durazo, el Gobierno de Sonora llev\u00f3 a cabo el cuarto foro de consulta para la actualizaci\u00f3n del Plan Estatal de Desarrollo 2022-2027, con el eje Igualdad y derechos para todas y todos, centrado en garantizar los derechos humanos y la inclusi\u00f3n plena [&hellip;]<\/p>\n","protected":false},"author":2,"featured_media":221367,"comment_status":"closed","ping_status":"closed","sticky":false,"template":"","format":"standard","meta":{"footnotes":""},"categories":[12870,178],"tags":[12865,12869],"class_list":["post-221366","post","type-post","status-publish","format-standard","has-post-thumbnail","hentry","category-destacadas","category-local","tag-destacadas","tag-local"],"jetpack_featured_media_url":"https:\/\/rnoticias.com.mx\/Portal\/wp-content\/uploads\/2025\/06\/unnamed-48.jpg","amp_enabled":true,"_links":{"self":[{"href":"https:\/\/rnoticias.com.mx\/Portal\/wp-json\/wp\/v2\/posts\/221366","targetHints":{"allow":["GET"]}}],"collection":[{"href":"https:\/\/rnoticias.com.mx\/Portal\/wp-json\/wp\/v2\/posts"}],"about":[{"href":"https:\/\/rnoticias.com.mx\/Portal\/wp-json\/wp\/v2\/types\/post"}],"author":[{"embeddable":true,"href":"https:\/\/rnoticias.com.mx\/Portal\/wp-json\/wp\/v2\/users\/2"}],"replies":[{"embeddable":true,"href":"https:\/\/rnoticias.com.mx\/Portal\/wp-json\/wp\/v2\/comments?post=221366"}],"version-history":[{"count":1,"href":"https:\/\/rnoticias.com.mx\/Portal\/wp-json\/wp\/v2\/posts\/221366\/revisions"}],"predecessor-version":[{"id":221368,"href":"https:\/\/rnoticias.com.mx\/Portal\/wp-json\/wp\/v2\/posts\/221366\/revisions\/221368"}],"wp:featuredmedia":[{"embeddable":true,"href":"https:\/\/rnoticias.com.mx\/Portal\/wp-json\/wp\/v2\/media\/221367"}],"wp:attachment":[{"href":"https:\/\/rnoticias.com.mx\/Portal\/wp-json\/wp\/v2\/media?parent=221366"}],"wp:term":[{"taxonomy":"category","embeddable":true,"href":"https:\/\/rnoticias.com.mx\/Portal\/wp-json\/wp\/v2\/categories?post=221366"},{"taxonomy":"post_tag","embeddable":true,"href":"https:\/\/rnoticias.com.mx\/Portal\/wp-json\/wp\/v2\/tags?post=221366"}],"curies":[{"name":"wp","href":"https:\/\/api.w.org\/{rel}","templated":true}]}}