{"id":221363,"date":"2025-06-12T17:47:19","date_gmt":"2025-06-13T00:47:19","guid":{"rendered":"https:\/\/rnoticias.com.mx\/Portal\/?p=221363"},"modified":"2025-06-12T17:47:19","modified_gmt":"2025-06-13T00:47:19","slug":"comienzan-a-operar-camaras-de-video-vigilancia-en-innovadores-arcos-de-seguridad-vial","status":"publish","type":"post","link":"https:\/\/rnoticias.com.mx\/Portal\/2025\/06\/12\/comienzan-a-operar-camaras-de-video-vigilancia-en-innovadores-arcos-de-seguridad-vial\/","title":{"rendered":"Comienzan a operar c\u00e1maras de video vigilancia en innovadores Arcos de Seguridad vial"},"content":{"rendered":"<p><b data-olk-copy-source=\"MessageBody\">Hermosillo, Sonora; 12 de junio, 2025.-<\/b>\u00a0Con el objetivo de fortalecer la seguridad de la ciudad y la prevenci\u00f3n de accidentes, se instalaron estructuras con pantallas Led en tres puntos de los accesos a la ciudad, mismas que ya cuentan con c\u00e1maras de videovigilancia con radar de velocidad integrado para monitorear la velocidad de los veh\u00edculos que transiten por las v\u00edas mencionadas.<\/p>\n<p aria-hidden=\"true\">\n<p>Como parte de las acciones que realiza el Gobierno de Hermosillo, encabezado por el presidente municipal Antonio Astiazar\u00e1n Guti\u00e9rrez se instalaron los denominados arcos carreteros equipados con pantallas que proyectan informaci\u00f3n oportuna a automovilistas, los cuales se encuentran en operaci\u00f3n desde la segunda quincena de enero de 2025.<\/p>\n<p aria-hidden=\"true\">\n<p>Dichos arcos est\u00e1n instalados en la entrada y salida norte hacia Nogales; al sur en la carretera que conecta con Guaymas; y otro m\u00e1s al poniente, a la altura del Aeropuerto de Hermosillo.<\/p>\n<p aria-hidden=\"true\">\n<p>Las estructuras tienen pantallas para dar informaci\u00f3n sobre la afluencia de vialidades, precauciones a tomar, registro de incidentes viales y promoci\u00f3n de los atractivos que Hermosillo ofrece para la poblaci\u00f3n.<\/p>\n","protected":false},"excerpt":{"rendered":"<p>Hermosillo, Sonora; 12 de junio, 2025.-\u00a0Con el objetivo de fortalecer la seguridad de la ciudad y la prevenci\u00f3n de accidentes, se instalaron estructuras con pantallas Led en tres puntos de los accesos a la ciudad, mismas que ya cuentan con c\u00e1maras de videovigilancia con radar de velocidad integrado para monitorear la velocidad de los veh\u00edculos [&hellip;]<\/p>\n","protected":false},"author":2,"featured_media":221364,"comment_status":"closed","ping_status":"closed","sticky":false,"template":"","format":"standard","meta":{"footnotes":""},"categories":[12870,178],"tags":[12865,12869],"class_list":["post-221363","post","type-post","status-publish","format-standard","has-post-thumbnail","hentry","category-destacadas","category-local","tag-destacadas","tag-local"],"jetpack_featured_media_url":"https:\/\/rnoticias.com.mx\/Portal\/wp-content\/uploads\/2025\/06\/descarga-1.png","amp_enabled":true,"_links":{"self":[{"href":"https:\/\/rnoticias.com.mx\/Portal\/wp-json\/wp\/v2\/posts\/221363","targetHints":{"allow":["GET"]}}],"collection":[{"href":"https:\/\/rnoticias.com.mx\/Portal\/wp-json\/wp\/v2\/posts"}],"about":[{"href":"https:\/\/rnoticias.com.mx\/Portal\/wp-json\/wp\/v2\/types\/post"}],"author":[{"embeddable":true,"href":"https:\/\/rnoticias.com.mx\/Portal\/wp-json\/wp\/v2\/users\/2"}],"replies":[{"embeddable":true,"href":"https:\/\/rnoticias.com.mx\/Portal\/wp-json\/wp\/v2\/comments?post=221363"}],"version-history":[{"count":1,"href":"https:\/\/rnoticias.com.mx\/Portal\/wp-json\/wp\/v2\/posts\/221363\/revisions"}],"predecessor-version":[{"id":221365,"href":"https:\/\/rnoticias.com.mx\/Portal\/wp-json\/wp\/v2\/posts\/221363\/revisions\/221365"}],"wp:featuredmedia":[{"embeddable":true,"href":"https:\/\/rnoticias.com.mx\/Portal\/wp-json\/wp\/v2\/media\/221364"}],"wp:attachment":[{"href":"https:\/\/rnoticias.com.mx\/Portal\/wp-json\/wp\/v2\/media?parent=221363"}],"wp:term":[{"taxonomy":"category","embeddable":true,"href":"https:\/\/rnoticias.com.mx\/Portal\/wp-json\/wp\/v2\/categories?post=221363"},{"taxonomy":"post_tag","embeddable":true,"href":"https:\/\/rnoticias.com.mx\/Portal\/wp-json\/wp\/v2\/tags?post=221363"}],"curies":[{"name":"wp","href":"https:\/\/api.w.org\/{rel}","templated":true}]}}