{"id":221360,"date":"2025-06-12T17:45:59","date_gmt":"2025-06-13T00:45:59","guid":{"rendered":"https:\/\/rnoticias.com.mx\/Portal\/?p=221360"},"modified":"2025-06-12T17:45:59","modified_gmt":"2025-06-13T00:45:59","slug":"ordena-ine-eliminar-publicaciones-alojadas-en-un-perfil-de-facebook-que-podrian-constituir-vpmrg","status":"publish","type":"post","link":"https:\/\/rnoticias.com.mx\/Portal\/2025\/06\/12\/ordena-ine-eliminar-publicaciones-alojadas-en-un-perfil-de-facebook-que-podrian-constituir-vpmrg\/","title":{"rendered":"Ordena INE eliminar publicaciones alojadas en un perfil de Facebook que podr\u00edan constituir VPMRG"},"content":{"rendered":"<p class=\"x_MsoNormal\"><span data-olk-copy-source=\"MessageBody\">La Comisi\u00f3n de Quejas y Denuncias del Instituto Nacional Electoral (INE) resolvi\u00f3 dos medidas cautelares requeridas por personas que solicitaron la protecci\u00f3n de sus datos, por hechos que podr\u00edan constituir Violencia Pol\u00edtica contra las Mujeres en Raz\u00f3n de G\u00e9nero (VPMRG), en el marco del Proceso Electoral Extraordinario del Poder Judicial de la Federaci\u00f3n (PEEPJF) 2024-2025.<\/span><\/p>\n<p class=\"x_MsoNormal\">\n<p class=\"x_MsoNormal\">En el primer asunto, una candidata a Magistrada del Tribunal Colegiado de Apelaci\u00f3n en el estado de Guerrero, denunci\u00f3 diversas publicaciones en la red social Facebook y una nota en la p\u00e1gina de internet \u201cEl Tlacolol\u201d, pues a su consideraci\u00f3n, las mismas ten\u00edan la finalidad de menoscabar su derecho a ser votada s\u00f3lo por el hecho de ser mujer.<\/p>\n<p class=\"x_MsoNormal\">\n<p class=\"x_MsoNormal\">La Comisi\u00f3n de Quejas y Denuncias determin\u00f3 que es improcedente el dictado de medidas cautelares, toda vez que, en cinco de las publicaciones denunciadas, el contenido no reproduce estereotipos de g\u00e9nero en su contra, tres ya no se encuentran visibles y respecto de cuatro publicaciones en las que refieren la posible existencia de nepotismo y conflicto de intereses, tampoco existen descalificaciones en su contra por el hecho de ser mujer, sino que se trata de expresiones\u00a0<span lang=\"ES\">amparadas por la libertad de expresi\u00f3n en temas de inter\u00e9s p\u00fablico.<\/span><\/p>\n<p class=\"x_MsoNormal\"><span lang=\"ES\">\u00a0<\/span><\/p>\n<p class=\"x_MsoNormal\"><span lang=\"ES\">Tambi\u00e9n se determin\u00f3 improcedente el dictado de la medida cautelar en su vertiente de tutela preventiva, al no advertir una evidente sistematicidad y reiteraci\u00f3n en las conductas por parte de los denunciados.<\/span><\/p>\n<p class=\"x_MsoNormal\"><span lang=\"ES\">\u00a0<\/span><\/p>\n<p class=\"x_MsoNormal\"><span lang=\"ES\">En el segundo asunto,<b><i>\u00a0<\/i><\/b><\/span>una persona, quien fue candidata a Jueza de Distrito con competencia mixta en el estado de Baja California Sur, denunci\u00f3 al usuario del perfil de Facebook identificado como Justicia en las Urnas BCS, derivado de la publicaci\u00f3n de contenido con comentarios que refuerzan estereotipos de g\u00e9nero, que afectan su libre ejercicio de un derecho pol\u00edtico-electoral.<\/p>\n<p class=\"x_MsoNormal\">\n<p class=\"x_MsoNormal\">El colegiado determin\u00f3 procedente la adopci\u00f3n de medidas cautelares, por lo que respecta a dos publicaciones, porque bajo la apariencia del buen derecho, las manifestaciones publicadas utilizan estereotipos de g\u00e9nero y tienen como objetivo atribuir un juicio de valor a la imagen de la denunciante, al etiquetarla como una persona que se encuentra subordinada a una figura masculina que ostenta una posici\u00f3n de poder y decisi\u00f3n, lo cual, preliminarmente, podr\u00eda constituir VPMRG.<\/p>\n<p class=\"x_MsoNormal\">\n<p class=\"x_MsoNormal\">Por lo anterior, se orden\u00f3 a Meta Platforms, INC., retirar el material alojado en un plazo no mayor a 24 horas.<\/p>\n","protected":false},"excerpt":{"rendered":"<p>La Comisi\u00f3n de Quejas y Denuncias del Instituto Nacional Electoral (INE) resolvi\u00f3 dos medidas cautelares requeridas por personas que solicitaron la protecci\u00f3n de sus datos, por hechos que podr\u00edan constituir Violencia Pol\u00edtica contra las Mujeres en Raz\u00f3n de G\u00e9nero (VPMRG), en el marco del Proceso Electoral Extraordinario del Poder Judicial de la Federaci\u00f3n (PEEPJF) 2024-2025. [&hellip;]<\/p>\n","protected":false},"author":2,"featured_media":221361,"comment_status":"closed","ping_status":"closed","sticky":false,"template":"","format":"standard","meta":{"footnotes":""},"categories":[12870,172],"tags":[12865,12874],"class_list":["post-221360","post","type-post","status-publish","format-standard","has-post-thumbnail","hentry","category-destacadas","category-nacional","tag-destacadas","tag-nacional"],"jetpack_featured_media_url":"https:\/\/rnoticias.com.mx\/Portal\/wp-content\/uploads\/2025\/06\/image-44.png","amp_enabled":true,"_links":{"self":[{"href":"https:\/\/rnoticias.com.mx\/Portal\/wp-json\/wp\/v2\/posts\/221360","targetHints":{"allow":["GET"]}}],"collection":[{"href":"https:\/\/rnoticias.com.mx\/Portal\/wp-json\/wp\/v2\/posts"}],"about":[{"href":"https:\/\/rnoticias.com.mx\/Portal\/wp-json\/wp\/v2\/types\/post"}],"author":[{"embeddable":true,"href":"https:\/\/rnoticias.com.mx\/Portal\/wp-json\/wp\/v2\/users\/2"}],"replies":[{"embeddable":true,"href":"https:\/\/rnoticias.com.mx\/Portal\/wp-json\/wp\/v2\/comments?post=221360"}],"version-history":[{"count":1,"href":"https:\/\/rnoticias.com.mx\/Portal\/wp-json\/wp\/v2\/posts\/221360\/revisions"}],"predecessor-version":[{"id":221362,"href":"https:\/\/rnoticias.com.mx\/Portal\/wp-json\/wp\/v2\/posts\/221360\/revisions\/221362"}],"wp:featuredmedia":[{"embeddable":true,"href":"https:\/\/rnoticias.com.mx\/Portal\/wp-json\/wp\/v2\/media\/221361"}],"wp:attachment":[{"href":"https:\/\/rnoticias.com.mx\/Portal\/wp-json\/wp\/v2\/media?parent=221360"}],"wp:term":[{"taxonomy":"category","embeddable":true,"href":"https:\/\/rnoticias.com.mx\/Portal\/wp-json\/wp\/v2\/categories?post=221360"},{"taxonomy":"post_tag","embeddable":true,"href":"https:\/\/rnoticias.com.mx\/Portal\/wp-json\/wp\/v2\/tags?post=221360"}],"curies":[{"name":"wp","href":"https:\/\/api.w.org\/{rel}","templated":true}]}}