{"id":221354,"date":"2025-06-12T15:24:41","date_gmt":"2025-06-12T22:24:41","guid":{"rendered":"https:\/\/rnoticias.com.mx\/Portal\/?p=221354"},"modified":"2025-06-12T15:24:41","modified_gmt":"2025-06-12T22:24:41","slug":"invita-gobierno-de-sonora-a-participar-en-la-convocatoria-de-becas-para-escuelas-particulares","status":"publish","type":"post","link":"https:\/\/rnoticias.com.mx\/Portal\/2025\/06\/12\/invita-gobierno-de-sonora-a-participar-en-la-convocatoria-de-becas-para-escuelas-particulares\/","title":{"rendered":"Invita Gobierno de Sonora a participar en la convocatoria de becas para escuelas particulares"},"content":{"rendered":"<p>Hermosillo, Sonora; 12 de junio de 2025.- El Gobierno de Sonora, a trav\u00e9s del Instituto de Becas y Cr\u00e9dito Educativo del Estado de Sonora (Ibcees), invit\u00f3 a personas interesadas a consultar las bases y requisitos de las convocatorias de becas para estudiantes de escuelas particulares de preescolar, primaria, secundaria, media superior, media superior terminal, formaci\u00f3n para el trabajo y superior.<\/p>\n<p>La dependencia estatal detall\u00f3 que el registro finaliza el martes 17 de junio, y las solicitudes deber\u00e1n realizarse, sin excepci\u00f3n, \u00fanica y exclusivamente en la p\u00e1gina web oficial del Instituto:\u00a0<a href=\"https:\/\/becasycredito.sonora.gob.mx\/\" target=\"_blank\" rel=\"noopener\" data-saferedirecturl=\"https:\/\/www.google.com\/url?q=https:\/\/becasycredito.sonora.gob.mx\/&amp;source=gmail&amp;ust=1749853037489000&amp;usg=AOvVaw23JZmSB9h-Y62Gq-NaUjmO\">https:\/\/becasycredito.sonora.<wbr \/>gob.mx\/<\/a>.<\/p>\n<p>En el caso de preescolar, primaria y secundaria, la beca corresponder\u00e1 a la deducci\u00f3n del 40 por ciento del monto de la colegiatura durante el ciclo escolar 2025-2026; mientras que, para media superior, media superior terminal, formaci\u00f3n para el trabajo y superior, la deducci\u00f3n ser\u00e1 del 50 por ciento, por el mismo per\u00edodo.<\/p>\n<p>Personal de la dependencia brindar\u00e1 orientaci\u00f3n y asesor\u00eda a la comunidad, con el objetivo de que cuente con la informaci\u00f3n oportuna para realizar el tr\u00e1mite. Estar\u00e1n disponibles los tel\u00e9fonos 662 289 77 00 (Hermosillo), 644 410 63 00 (Ciudad Obreg\u00f3n) y 631 209 94 76 (Nogales).<\/p>\n<p>Los resultados de ambas convocatorias se publicar\u00e1n en dicho portal el viernes 8 de agosto, previo acuerdo de la H. Junta Directiva del Instituto de Becas y Cr\u00e9dito Educativo del Estado de Sonora.<\/p>\n","protected":false},"excerpt":{"rendered":"<p>Hermosillo, Sonora; 12 de junio de 2025.- El Gobierno de Sonora, a trav\u00e9s del Instituto de Becas y Cr\u00e9dito Educativo del Estado de Sonora (Ibcees), invit\u00f3 a personas interesadas a consultar las bases y requisitos de las convocatorias de becas para estudiantes de escuelas particulares de preescolar, primaria, secundaria, media superior, media superior terminal, formaci\u00f3n [&hellip;]<\/p>\n","protected":false},"author":2,"featured_media":221355,"comment_status":"closed","ping_status":"closed","sticky":false,"template":"","format":"standard","meta":{"footnotes":""},"categories":[12870,178],"tags":[12865,12869],"class_list":["post-221354","post","type-post","status-publish","format-standard","has-post-thumbnail","hentry","category-destacadas","category-local","tag-destacadas","tag-local"],"jetpack_featured_media_url":"https:\/\/rnoticias.com.mx\/Portal\/wp-content\/uploads\/2025\/06\/unnamed-47.jpg","amp_enabled":true,"_links":{"self":[{"href":"https:\/\/rnoticias.com.mx\/Portal\/wp-json\/wp\/v2\/posts\/221354","targetHints":{"allow":["GET"]}}],"collection":[{"href":"https:\/\/rnoticias.com.mx\/Portal\/wp-json\/wp\/v2\/posts"}],"about":[{"href":"https:\/\/rnoticias.com.mx\/Portal\/wp-json\/wp\/v2\/types\/post"}],"author":[{"embeddable":true,"href":"https:\/\/rnoticias.com.mx\/Portal\/wp-json\/wp\/v2\/users\/2"}],"replies":[{"embeddable":true,"href":"https:\/\/rnoticias.com.mx\/Portal\/wp-json\/wp\/v2\/comments?post=221354"}],"version-history":[{"count":1,"href":"https:\/\/rnoticias.com.mx\/Portal\/wp-json\/wp\/v2\/posts\/221354\/revisions"}],"predecessor-version":[{"id":221356,"href":"https:\/\/rnoticias.com.mx\/Portal\/wp-json\/wp\/v2\/posts\/221354\/revisions\/221356"}],"wp:featuredmedia":[{"embeddable":true,"href":"https:\/\/rnoticias.com.mx\/Portal\/wp-json\/wp\/v2\/media\/221355"}],"wp:attachment":[{"href":"https:\/\/rnoticias.com.mx\/Portal\/wp-json\/wp\/v2\/media?parent=221354"}],"wp:term":[{"taxonomy":"category","embeddable":true,"href":"https:\/\/rnoticias.com.mx\/Portal\/wp-json\/wp\/v2\/categories?post=221354"},{"taxonomy":"post_tag","embeddable":true,"href":"https:\/\/rnoticias.com.mx\/Portal\/wp-json\/wp\/v2\/tags?post=221354"}],"curies":[{"name":"wp","href":"https:\/\/api.w.org\/{rel}","templated":true}]}}