{"id":221351,"date":"2025-06-12T15:22:51","date_gmt":"2025-06-12T22:22:51","guid":{"rendered":"https:\/\/rnoticias.com.mx\/Portal\/?p=221351"},"modified":"2025-06-12T15:22:51","modified_gmt":"2025-06-12T22:22:51","slug":"detiene-gobierno-de-sonora-a-personas-en-posesion-de-narcotico-en-hermosillo","status":"publish","type":"post","link":"https:\/\/rnoticias.com.mx\/Portal\/2025\/06\/12\/detiene-gobierno-de-sonora-a-personas-en-posesion-de-narcotico-en-hermosillo\/","title":{"rendered":"Detiene Gobierno de Sonora a personas en posesi\u00f3n de narc\u00f3tico en Hermosillo"},"content":{"rendered":"<p>Hermosillo, Sonora; 12 de junio de 2025.- Como parte del trabajo operativo permanente en la ciudad de Hermosillo, el Gobierno de Sonora, a trav\u00e9s de la Secretar\u00eda de Seguridad P\u00fablica (SSP), realiz\u00f3 la detenci\u00f3n de dos personas por posesi\u00f3n de posible narc\u00f3tico.<\/p>\n<p>Durante acciones de seguridad y prevenci\u00f3n del delito en la colonia La Cholla, elementos de la Polic\u00eda Estatal de Seguridad P\u00fablica (PESP) aseguraron m\u00e1s de 50 envoltorios con sustancia similar a narc\u00f3tico, en la detenci\u00f3n de Siria \u201cN\u201d y Jes\u00fas \u201cN\u201d.<\/p>\n<p>En el operativo, los agentes aseguraron una motocicleta, 15 envoltorios con sustancia granulada y 40 con hierba verde, al parecer narc\u00f3tico, motivo por el cual ambas personas fueron detenidas, informadas sobre sus derechos y puestas a disposici\u00f3n del Ministerio P\u00fablico correspondiente.<\/p>\n<p>La Polic\u00eda Estatal mantiene patrullajes preventivos, diurnos y nocturnos, en coordinaci\u00f3n con autoridades de los tres niveles de gobierno, atendiendo denuncias ciudadanas a trav\u00e9s de las l\u00edneas 9-1-1 y 089 para reportes an\u00f3nimos.<\/p>\n<p>Se informa que las personas detenidas se presumen inocentes hasta que se declare su responsabilidad mediante sentencia emitida por el \u00f3rgano jurisdiccional correspondiente, conforme al art\u00edculo 13 del C\u00f3digo Nacional de Procedimientos Penales.<\/p>\n","protected":false},"excerpt":{"rendered":"<p>Hermosillo, Sonora; 12 de junio de 2025.- Como parte del trabajo operativo permanente en la ciudad de Hermosillo, el Gobierno de Sonora, a trav\u00e9s de la Secretar\u00eda de Seguridad P\u00fablica (SSP), realiz\u00f3 la detenci\u00f3n de dos personas por posesi\u00f3n de posible narc\u00f3tico. Durante acciones de seguridad y prevenci\u00f3n del delito en la colonia La Cholla, [&hellip;]<\/p>\n","protected":false},"author":2,"featured_media":221352,"comment_status":"closed","ping_status":"closed","sticky":false,"template":"","format":"standard","meta":{"footnotes":""},"categories":[178],"tags":[12869],"class_list":["post-221351","post","type-post","status-publish","format-standard","has-post-thumbnail","hentry","category-local","tag-local"],"jetpack_featured_media_url":"https:\/\/rnoticias.com.mx\/Portal\/wp-content\/uploads\/2025\/06\/unnamed-3-6.jpg","amp_enabled":true,"_links":{"self":[{"href":"https:\/\/rnoticias.com.mx\/Portal\/wp-json\/wp\/v2\/posts\/221351","targetHints":{"allow":["GET"]}}],"collection":[{"href":"https:\/\/rnoticias.com.mx\/Portal\/wp-json\/wp\/v2\/posts"}],"about":[{"href":"https:\/\/rnoticias.com.mx\/Portal\/wp-json\/wp\/v2\/types\/post"}],"author":[{"embeddable":true,"href":"https:\/\/rnoticias.com.mx\/Portal\/wp-json\/wp\/v2\/users\/2"}],"replies":[{"embeddable":true,"href":"https:\/\/rnoticias.com.mx\/Portal\/wp-json\/wp\/v2\/comments?post=221351"}],"version-history":[{"count":1,"href":"https:\/\/rnoticias.com.mx\/Portal\/wp-json\/wp\/v2\/posts\/221351\/revisions"}],"predecessor-version":[{"id":221353,"href":"https:\/\/rnoticias.com.mx\/Portal\/wp-json\/wp\/v2\/posts\/221351\/revisions\/221353"}],"wp:featuredmedia":[{"embeddable":true,"href":"https:\/\/rnoticias.com.mx\/Portal\/wp-json\/wp\/v2\/media\/221352"}],"wp:attachment":[{"href":"https:\/\/rnoticias.com.mx\/Portal\/wp-json\/wp\/v2\/media?parent=221351"}],"wp:term":[{"taxonomy":"category","embeddable":true,"href":"https:\/\/rnoticias.com.mx\/Portal\/wp-json\/wp\/v2\/categories?post=221351"},{"taxonomy":"post_tag","embeddable":true,"href":"https:\/\/rnoticias.com.mx\/Portal\/wp-json\/wp\/v2\/tags?post=221351"}],"curies":[{"name":"wp","href":"https:\/\/api.w.org\/{rel}","templated":true}]}}