{"id":221342,"date":"2025-06-12T15:18:03","date_gmt":"2025-06-12T22:18:03","guid":{"rendered":"https:\/\/rnoticias.com.mx\/Portal\/?p=221342"},"modified":"2025-06-12T15:18:03","modified_gmt":"2025-06-12T22:18:03","slug":"gobierno-de-sonora-impulsa-talleres-estrategicos-para-combatir-las-adicciones-en-la-frontera","status":"publish","type":"post","link":"https:\/\/rnoticias.com.mx\/Portal\/2025\/06\/12\/gobierno-de-sonora-impulsa-talleres-estrategicos-para-combatir-las-adicciones-en-la-frontera\/","title":{"rendered":"Gobierno de Sonora impulsa talleres estrat\u00e9gicos para combatir las adicciones en la frontera"},"content":{"rendered":"<p>Hermosillo, Sonora; 12 de junio de 2025.- Con el objetivo de fortalecer las estrategias actuales y desarrollar nuevas acciones en materia de prevenci\u00f3n y atenci\u00f3n de las adicciones, dio inicio en Sonora el Taller de Planeaci\u00f3n Estrat\u00e9gica sobre Adicciones en la Frontera, gracias a la gesti\u00f3n del Gobierno de Sonora, a trav\u00e9s de la Secretar\u00eda de Salud (SSP).<\/p>\n<p>Este esfuerzo es coordinado por la federaci\u00f3n, el Gobierno de Sonora y la Comisi\u00f3n de Salud Fronteriza M\u00e9xico, con el fin de continuar impulsando pol\u00edticas p\u00fablicas en favor de la salud f\u00edsica y mental de la poblaci\u00f3n fronteriza.<\/p>\n<p>En la inauguraci\u00f3n del taller participaron representantes de seis entidades federativas: Baja California, Sonora, Chihuahua, Tamaulipas, Nuevo Le\u00f3n y Coahuila. El prop\u00f3sito central del encuentro es el intercambio de experiencias y estrategias que han mostrado resultados efectivos en el combate a las adicciones.<\/p>\n<p>Asimismo, se busca reforzar las metodolog\u00edas empleadas en cada estado fronterizo, con la intenci\u00f3n de analizar, evaluar y proponer nuevas l\u00edneas de acci\u00f3n que permitan mejorar la atenci\u00f3n integral en este tema prioritario de salud p\u00fablica.<\/p>\n<p>Seg\u00fan inform\u00f3 la SSP, entre los principales beneficios que obtendr\u00e1n las y los participantes se encuentra el fortalecimiento de programas contra las adicciones y la optimizaci\u00f3n de los servicios de salud con enfoque universal.<\/p>\n<p>El taller continuar\u00e1 hasta el 13 de junio con la participaci\u00f3n de especialistas y representantes de diversas partes del pa\u00eds, reafirmando el compromiso del Gobierno de Sonora de impulsar acciones coordinadas para mejorar la salud y el bienestar de la poblaci\u00f3n.<\/p>\n","protected":false},"excerpt":{"rendered":"<p>Hermosillo, Sonora; 12 de junio de 2025.- Con el objetivo de fortalecer las estrategias actuales y desarrollar nuevas acciones en materia de prevenci\u00f3n y atenci\u00f3n de las adicciones, dio inicio en Sonora el Taller de Planeaci\u00f3n Estrat\u00e9gica sobre Adicciones en la Frontera, gracias a la gesti\u00f3n del Gobierno de Sonora, a trav\u00e9s de la Secretar\u00eda [&hellip;]<\/p>\n","protected":false},"author":2,"featured_media":221343,"comment_status":"closed","ping_status":"closed","sticky":false,"template":"","format":"standard","meta":{"footnotes":""},"categories":[12870,178],"tags":[12865,12869],"class_list":["post-221342","post","type-post","status-publish","format-standard","has-post-thumbnail","hentry","category-destacadas","category-local","tag-destacadas","tag-local"],"jetpack_featured_media_url":"https:\/\/rnoticias.com.mx\/Portal\/wp-content\/uploads\/2025\/06\/unnamed-46.jpg","amp_enabled":true,"_links":{"self":[{"href":"https:\/\/rnoticias.com.mx\/Portal\/wp-json\/wp\/v2\/posts\/221342","targetHints":{"allow":["GET"]}}],"collection":[{"href":"https:\/\/rnoticias.com.mx\/Portal\/wp-json\/wp\/v2\/posts"}],"about":[{"href":"https:\/\/rnoticias.com.mx\/Portal\/wp-json\/wp\/v2\/types\/post"}],"author":[{"embeddable":true,"href":"https:\/\/rnoticias.com.mx\/Portal\/wp-json\/wp\/v2\/users\/2"}],"replies":[{"embeddable":true,"href":"https:\/\/rnoticias.com.mx\/Portal\/wp-json\/wp\/v2\/comments?post=221342"}],"version-history":[{"count":1,"href":"https:\/\/rnoticias.com.mx\/Portal\/wp-json\/wp\/v2\/posts\/221342\/revisions"}],"predecessor-version":[{"id":221344,"href":"https:\/\/rnoticias.com.mx\/Portal\/wp-json\/wp\/v2\/posts\/221342\/revisions\/221344"}],"wp:featuredmedia":[{"embeddable":true,"href":"https:\/\/rnoticias.com.mx\/Portal\/wp-json\/wp\/v2\/media\/221343"}],"wp:attachment":[{"href":"https:\/\/rnoticias.com.mx\/Portal\/wp-json\/wp\/v2\/media?parent=221342"}],"wp:term":[{"taxonomy":"category","embeddable":true,"href":"https:\/\/rnoticias.com.mx\/Portal\/wp-json\/wp\/v2\/categories?post=221342"},{"taxonomy":"post_tag","embeddable":true,"href":"https:\/\/rnoticias.com.mx\/Portal\/wp-json\/wp\/v2\/tags?post=221342"}],"curies":[{"name":"wp","href":"https:\/\/api.w.org\/{rel}","templated":true}]}}