{"id":221333,"date":"2025-06-12T09:25:01","date_gmt":"2025-06-12T16:25:01","guid":{"rendered":"https:\/\/rnoticias.com.mx\/Portal\/?p=221333"},"modified":"2025-06-12T09:25:01","modified_gmt":"2025-06-12T16:25:01","slug":"liberan-a-implicada-en-el-caso-wallace","status":"publish","type":"post","link":"https:\/\/rnoticias.com.mx\/Portal\/2025\/06\/12\/liberan-a-implicada-en-el-caso-wallace\/","title":{"rendered":"Liberan a implicada en el caso Wallace"},"content":{"rendered":"<p>La Suprema Corte de Justicia de la Naci\u00f3n orden\u00f3 la libertad inmediata de Juana Hilda Gonz\u00e1lez Lomel\u00ed, tras 19 a\u00f1os presa por el secuestro de Hugo Alberto Wallace, hijo de la fallecida activista Isabel Miranda de Wallace.<\/p>\n<p>Con cuatro votos a favor y uno en contra, la Primera Sala de la Corte concedi\u00f3 a la mujer un amparo por violaciones al debido proceso y que las pruebas clave del caso fueron obtenidas mediante tortura.<\/p>\n<p>Se espera que en las pr\u00f3ximas horas salga en libertad del penal de federal femenil de Morelos, donde actualmente se encuentra, tras pasar por varios penales del pa\u00eds.<\/p>\n<div id=\"eldia-3269732096\" class=\"eldia-contenido eldia-target\" data-eldia-trackid=\"1573641\" data-eldia-trackbid=\"1\"><\/div>\n<p>En sesi\u00f3n de este mi\u00e9rcoles, los ministros de la Primera Sala aprobaron el proyecto del ministro Jorge Mario Pardo Rebolledo, que propuso conceder la libertad inmediata de Gonz\u00e1lez Lomel\u00ed, sentenciada a 78 a\u00f1os de prisi\u00f3n por el secuestro de Hugo Alberto Wallace, en raz\u00f3n de graves violaciones al debido proceso.<\/p>\n<p>La Primera Sala de la Corte consider\u00f3 que, como lo argument\u00f3 la defensa del Instituto Federal de Defensor\u00eda P\u00fablica (IFDP), la confesi\u00f3n de Juana Hilda Gonz\u00e1lez Lomel\u00ed no fue libre ni voluntaria, sino obtenida mediante presiones, intimidaciones y amenazas, en un contexto de arraigo.<\/p>\n<p>Por ello, se declar\u00f3 la nulidad de su declaraci\u00f3n y de cualquier otra prueba derivada con violaci\u00f3n a sus derechos humanos.<\/p>\n<p>A partir de esta nulidad, la Primera Sala consider\u00f3 que las pruebas restantes, ofrecidas por el Ministerio P\u00fablico y no afectadas por dichas violaciones, resultan insuficientes para demostrar la responsabilidad penal de Juana Hilda en el secuestro de Hugo Alberto Wallace, m\u00e1s all\u00e1 de toda duda razonable.<\/p>\n<p>Asimismo, destac\u00f3 en un comunicado, es de enorme relevancia no s\u00f3lo por el impacto en la libertad y derechos de su representada, sino tambi\u00e9n por su trascendencia en el sistema de justicia penal.<\/p>\n<p>&nbsp;<\/p>\n<div id=\"st-1\" class=\"sharethis-inline-reaction-buttons st-inline-reaction-buttons st-center  st-has-labels st-lang-es\">\n<div class=\"st-btn\" data-reaction=\"sob\"><\/div>\n<div class=\"st-btn\" data-reaction=\"rage\"><span class=\"st-count\">El Universal<\/span><\/div>\n<\/div>\n","protected":false},"excerpt":{"rendered":"<p>La Suprema Corte de Justicia de la Naci\u00f3n orden\u00f3 la libertad inmediata de Juana Hilda Gonz\u00e1lez Lomel\u00ed, tras 19 a\u00f1os presa por el secuestro de Hugo Alberto Wallace, hijo de la fallecida activista Isabel Miranda de Wallace. Con cuatro votos a favor y uno en contra, la Primera Sala de la Corte concedi\u00f3 a la [&hellip;]<\/p>\n","protected":false},"author":2,"featured_media":221334,"comment_status":"closed","ping_status":"closed","sticky":false,"template":"","format":"standard","meta":{"footnotes":""},"categories":[12870,172],"tags":[12865,12874],"class_list":["post-221333","post","type-post","status-publish","format-standard","has-post-thumbnail","hentry","category-destacadas","category-nacional","tag-destacadas","tag-nacional"],"jetpack_featured_media_url":"https:\/\/rnoticias.com.mx\/Portal\/wp-content\/uploads\/2025\/06\/9281.webp","amp_enabled":true,"_links":{"self":[{"href":"https:\/\/rnoticias.com.mx\/Portal\/wp-json\/wp\/v2\/posts\/221333","targetHints":{"allow":["GET"]}}],"collection":[{"href":"https:\/\/rnoticias.com.mx\/Portal\/wp-json\/wp\/v2\/posts"}],"about":[{"href":"https:\/\/rnoticias.com.mx\/Portal\/wp-json\/wp\/v2\/types\/post"}],"author":[{"embeddable":true,"href":"https:\/\/rnoticias.com.mx\/Portal\/wp-json\/wp\/v2\/users\/2"}],"replies":[{"embeddable":true,"href":"https:\/\/rnoticias.com.mx\/Portal\/wp-json\/wp\/v2\/comments?post=221333"}],"version-history":[{"count":1,"href":"https:\/\/rnoticias.com.mx\/Portal\/wp-json\/wp\/v2\/posts\/221333\/revisions"}],"predecessor-version":[{"id":221335,"href":"https:\/\/rnoticias.com.mx\/Portal\/wp-json\/wp\/v2\/posts\/221333\/revisions\/221335"}],"wp:featuredmedia":[{"embeddable":true,"href":"https:\/\/rnoticias.com.mx\/Portal\/wp-json\/wp\/v2\/media\/221334"}],"wp:attachment":[{"href":"https:\/\/rnoticias.com.mx\/Portal\/wp-json\/wp\/v2\/media?parent=221333"}],"wp:term":[{"taxonomy":"category","embeddable":true,"href":"https:\/\/rnoticias.com.mx\/Portal\/wp-json\/wp\/v2\/categories?post=221333"},{"taxonomy":"post_tag","embeddable":true,"href":"https:\/\/rnoticias.com.mx\/Portal\/wp-json\/wp\/v2\/tags?post=221333"}],"curies":[{"name":"wp","href":"https:\/\/api.w.org\/{rel}","templated":true}]}}