{"id":221277,"date":"2025-06-11T23:13:34","date_gmt":"2025-06-12T06:13:34","guid":{"rendered":"https:\/\/rnoticias.com.mx\/Portal\/?p=221277"},"modified":"2025-06-11T23:13:34","modified_gmt":"2025-06-12T06:13:34","slug":"fgjes-formula-imputacion-en-contra-de-policias-municipales-de-hermosillo","status":"publish","type":"post","link":"https:\/\/rnoticias.com.mx\/Portal\/2025\/06\/11\/fgjes-formula-imputacion-en-contra-de-policias-municipales-de-hermosillo\/","title":{"rendered":"FGJES formula imputaci\u00f3n en contra de polic\u00edas municipales de Hermosillo"},"content":{"rendered":"<p>Hermosillo, Sonora, 11 de junio de 2025.- La Fiscal\u00eda General de Justicia del Estado de Sonora (FGJES) informa que fueron imputados dos elementos de Seguridad P\u00fablica Municipal de Hermosillo debido a su probable responsabilidad por los delitos de abuso de autoridad y privaci\u00f3n ilegal de la libertad equiparada, cometidos en perjuicio de diversos particulares en el marco de las pasadas Fiestas del Pitic.<\/p>\n<p>Esta acci\u00f3n se deriv\u00f3 de una denuncia directa, la cual se viraliz\u00f3 en distintos foros de redes sociales, as\u00ed como espacios informativos, adem\u00e1s de ser denunciado ante la Comisi\u00f3n Estatal de Derechos Humanos (CEDH).<\/p>\n<p>Derivado de la investigaci\u00f3n y pese a la dificultad para obtener informaci\u00f3n en la misma, se obtuvieron los primeros dos mandamientos judiciales de captura, en este caso en contra de Ricardo \u201cN\u201d y Pedro Javier \u201cN\u201d, las cuales fueron cumplimentadas el pasado 10 de junio del a\u00f1o en curso.<\/p>\n<p>Tras esto, fueron turnados ante un Juez y, en audiencia, esta representaci\u00f3n social formul\u00f3 imputaci\u00f3n contra ellos por los delitos antes mencionados, en tanto, la defensa solicit\u00f3 la ampliaci\u00f3n del t\u00e9rmino constitucional de 144 horas para resolver la vinculaci\u00f3n a proceso.<\/p>\n<p>Los imputados ahora se encuentran en un Centro de Reinserci\u00f3n Social (CERESO) a la espera de que sean los tribunales quienes determinen su situaci\u00f3n jur\u00eddica.<\/p>\n<p>La actualizaci\u00f3n de la informaci\u00f3n de este asunto se realizar\u00e1 conforme lo permitan los tiempos procesales.<\/p>\n<p>Siguen las investigaciones\u2026<\/p>\n","protected":false},"excerpt":{"rendered":"<p>Hermosillo, Sonora, 11 de junio de 2025.- La Fiscal\u00eda General de Justicia del Estado de Sonora (FGJES) informa que fueron imputados dos elementos de Seguridad P\u00fablica Municipal de Hermosillo debido a su probable responsabilidad por los delitos de abuso de autoridad y privaci\u00f3n ilegal de la libertad equiparada, cometidos en perjuicio de diversos particulares en [&hellip;]<\/p>\n","protected":false},"author":2,"featured_media":221278,"comment_status":"closed","ping_status":"closed","sticky":false,"template":"","format":"standard","meta":{"footnotes":""},"categories":[12870,178],"tags":[12865,12869],"class_list":["post-221277","post","type-post","status-publish","format-standard","has-post-thumbnail","hentry","category-destacadas","category-local","tag-destacadas","tag-local"],"jetpack_featured_media_url":"https:\/\/rnoticias.com.mx\/Portal\/wp-content\/uploads\/2025\/06\/813a2d40-1547-4756-affc-fe8f91c1815b.jpg","amp_enabled":true,"_links":{"self":[{"href":"https:\/\/rnoticias.com.mx\/Portal\/wp-json\/wp\/v2\/posts\/221277","targetHints":{"allow":["GET"]}}],"collection":[{"href":"https:\/\/rnoticias.com.mx\/Portal\/wp-json\/wp\/v2\/posts"}],"about":[{"href":"https:\/\/rnoticias.com.mx\/Portal\/wp-json\/wp\/v2\/types\/post"}],"author":[{"embeddable":true,"href":"https:\/\/rnoticias.com.mx\/Portal\/wp-json\/wp\/v2\/users\/2"}],"replies":[{"embeddable":true,"href":"https:\/\/rnoticias.com.mx\/Portal\/wp-json\/wp\/v2\/comments?post=221277"}],"version-history":[{"count":1,"href":"https:\/\/rnoticias.com.mx\/Portal\/wp-json\/wp\/v2\/posts\/221277\/revisions"}],"predecessor-version":[{"id":221279,"href":"https:\/\/rnoticias.com.mx\/Portal\/wp-json\/wp\/v2\/posts\/221277\/revisions\/221279"}],"wp:featuredmedia":[{"embeddable":true,"href":"https:\/\/rnoticias.com.mx\/Portal\/wp-json\/wp\/v2\/media\/221278"}],"wp:attachment":[{"href":"https:\/\/rnoticias.com.mx\/Portal\/wp-json\/wp\/v2\/media?parent=221277"}],"wp:term":[{"taxonomy":"category","embeddable":true,"href":"https:\/\/rnoticias.com.mx\/Portal\/wp-json\/wp\/v2\/categories?post=221277"},{"taxonomy":"post_tag","embeddable":true,"href":"https:\/\/rnoticias.com.mx\/Portal\/wp-json\/wp\/v2\/tags?post=221277"}],"curies":[{"name":"wp","href":"https:\/\/api.w.org\/{rel}","templated":true}]}}