{"id":221237,"date":"2025-06-11T08:51:57","date_gmt":"2025-06-11T15:51:57","guid":{"rendered":"https:\/\/rnoticias.com.mx\/Portal\/?p=221237"},"modified":"2025-06-11T08:51:57","modified_gmt":"2025-06-11T15:51:57","slug":"gobernador-de-california-acusa-a-trump-de-avivar-la-tension-en-los-angeles","status":"publish","type":"post","link":"https:\/\/rnoticias.com.mx\/Portal\/2025\/06\/11\/gobernador-de-california-acusa-a-trump-de-avivar-la-tension-en-los-angeles\/","title":{"rendered":"Gobernador de California acusa a Trump de avivar la tensi\u00f3n en Los \u00c1ngeles"},"content":{"rendered":"<p>El gobernador de California,\u00a0<strong>Gavin Newsom<\/strong>, acus\u00f3 este martes al presidente estadounidense,\u00a0<strong>Donald Trump<\/strong>, de \u00abinflamar\u00bb la situaci\u00f3n en Los \u00c1ngeles con el env\u00edo de miles de militares, forzando as\u00ed nueva protestas y actos vand\u00e1licos que han llevado a la ciudad a imponer hoy un toque de queda nocturno.<\/p>\n<p>Seg\u00fan dijo Newsom en una intervenci\u00f3n televisada, la decisi\u00f3n de Trump de enviar a la Guardia Nacional y los marines a<strong>\u00a0Los \u00c1ngeles<\/strong>\u00a0pese a que las autoridades locales consideraron que las protestas estaban bajo control \u00abinflam\u00f3 una situaci\u00f3n potencialmente explosiva\u00bb y acab\u00f3 provocando nuevos actos violentos.<\/p>\n<p>Las palabras de Newsom llegan despu\u00e9s de que la alcaldesa de Los \u00c1ngeles,\u00a0<strong>Karen Bass<\/strong>, anunciara hoy un toque de queda en el centro de la ciudad que est\u00e1 ya en vigor desde de las 8:00 de la noche del mi\u00e9rcoles.<\/p>\n<p>La medida se ha anunciado despu\u00e9s de que 23 negocios en la zona afectada desde hoy por las restricciones fueran saqueados en la noche del lunes y el martes.<\/p>\n<p>\u00ab(Trump) redobl\u00f3 la apuesta con su peligroso despliegue de la Guardia Nacional, avivando a\u00fan m\u00e1s las llamas. Y el presidente, lo hizo a prop\u00f3sito\u00bb, dijo hoy Newsom.<\/p>\n<p>\u00abLas protestas se reanudaron. Por la noche, varias docenas de infractores de la ley se volvieron violentos y destructivos. Vandalizaron propiedades\u00bb, a\u00f1adi\u00f3 el gobernador, que dijo que 220 personas han sido ya arrestadas, mientras que se est\u00e1n analizando m\u00e1s casos para que los responsables de estos actos \u00absean procesados con todo el peso de la ley\u00bb.<\/p>\n<p>El pol\u00edtico dem\u00f3crata quiso ser claro: \u00absi incitas a la violencia o destruyes nuestras comunidades, tendr\u00e1s que rendir cuentas. Ese tipo de comportamiento delictivo no se tolerar\u00e1. Punto\u00bb.<\/p>\n<p>Newsom tambi\u00e9n volvi\u00f3 a criticar duramente la pol\u00edtica\u00a0<strong>migratoria de Trump,<\/strong>\u00a0que tach\u00f3 de \u00abdeportaciones masivas, que apuntan indiscriminadamente a las familias inmigrantes trabajadoras\u00bb y lo acus\u00f3 de \u00abtraumatizar\u00bb a las comunidades en lugares como Los \u00c1ngeles en vez de protegerlas, como \u00e9l asegura.<\/p>\n<p>Las protestas en Los \u00c1ngeles comenzaron el pasado viernes por la tarde tras las redadas de inmigraci\u00f3n de parte del Servicio de Control de Migraci\u00f3n y Aduanas\u00a0<strong>(ICE)<\/strong>.<\/p>\n<p>El gobernador inst\u00f3 a los ciudadanos a ejercer su derecho a protestar \u00abpac\u00edficamente\u00bb, para no favorecer la estrategia del magnate neoyorquino.<\/p>\n<p>\u00abTrump y sus leales se nutren de la divisi\u00f3n porque les permite tomar m\u00e1s poder y ejercer a\u00fan m\u00e1s control. Y, por cierto, Trump no se opone a la anarqu\u00eda ni a la violencia, siempre y cuando le sirvan. \u00bfQu\u00e9 m\u00e1s pruebas necesitamos que el 6 de enero?\u00bb, a\u00f1adi\u00f3 Newsom en referencia violento al asalto al Capitolio acometido en 2021 por ac\u00f3litos del republicano, que fueron incitados por el hoy presidente.<\/p>\n<p>El l\u00edder californiano concluy\u00f3 diciendo que lo decidido por\u00a0<strong>Trump<\/strong>\u00a0no s\u00f3lo compete a Los \u00c1ngeles: \u00abCuando Donald Trump busc\u00f3 la autoridad absoluta para comandar la Guardia Nacional, hizo que esa orden se aplicara a todos los estados de esta naci\u00f3n. Se trata de todos nosotros.<\/p>\n<p>\u00abCalifornia puede ser la primera, pero claramente no terminar\u00e1 aqu\u00ed. Otros estados son los siguientes. La democracia es la siguiente. La democracia est\u00e1 bajo ataque\u00bb, concluy\u00f3 Newsom, que aprovech\u00f3 para denunciar la inactividad del Congreso en\u00a0<strong>Washington.<\/strong><\/p>\n","protected":false},"excerpt":{"rendered":"<p>El gobernador de California,\u00a0Gavin Newsom, acus\u00f3 este martes al presidente estadounidense,\u00a0Donald Trump, de \u00abinflamar\u00bb la situaci\u00f3n en Los \u00c1ngeles con el env\u00edo de miles de militares, forzando as\u00ed nueva protestas y actos vand\u00e1licos que han llevado a la ciudad a imponer hoy un toque de queda nocturno. Seg\u00fan dijo Newsom en una intervenci\u00f3n televisada, la [&hellip;]<\/p>\n","protected":false},"author":2,"featured_media":221238,"comment_status":"closed","ping_status":"closed","sticky":false,"template":"","format":"standard","meta":{"footnotes":""},"categories":[12870,182],"tags":[12865,12871],"class_list":["post-221237","post","type-post","status-publish","format-standard","has-post-thumbnail","hentry","category-destacadas","category-internacional","tag-destacadas","tag-internacional"],"jetpack_featured_media_url":"https:\/\/rnoticias.com.mx\/Portal\/wp-content\/uploads\/2025\/06\/Gobernador-de-California-acusa-a-Trump-de-inflamar-Los-Angeles.webp.webp","amp_enabled":true,"_links":{"self":[{"href":"https:\/\/rnoticias.com.mx\/Portal\/wp-json\/wp\/v2\/posts\/221237","targetHints":{"allow":["GET"]}}],"collection":[{"href":"https:\/\/rnoticias.com.mx\/Portal\/wp-json\/wp\/v2\/posts"}],"about":[{"href":"https:\/\/rnoticias.com.mx\/Portal\/wp-json\/wp\/v2\/types\/post"}],"author":[{"embeddable":true,"href":"https:\/\/rnoticias.com.mx\/Portal\/wp-json\/wp\/v2\/users\/2"}],"replies":[{"embeddable":true,"href":"https:\/\/rnoticias.com.mx\/Portal\/wp-json\/wp\/v2\/comments?post=221237"}],"version-history":[{"count":1,"href":"https:\/\/rnoticias.com.mx\/Portal\/wp-json\/wp\/v2\/posts\/221237\/revisions"}],"predecessor-version":[{"id":221239,"href":"https:\/\/rnoticias.com.mx\/Portal\/wp-json\/wp\/v2\/posts\/221237\/revisions\/221239"}],"wp:featuredmedia":[{"embeddable":true,"href":"https:\/\/rnoticias.com.mx\/Portal\/wp-json\/wp\/v2\/media\/221238"}],"wp:attachment":[{"href":"https:\/\/rnoticias.com.mx\/Portal\/wp-json\/wp\/v2\/media?parent=221237"}],"wp:term":[{"taxonomy":"category","embeddable":true,"href":"https:\/\/rnoticias.com.mx\/Portal\/wp-json\/wp\/v2\/categories?post=221237"},{"taxonomy":"post_tag","embeddable":true,"href":"https:\/\/rnoticias.com.mx\/Portal\/wp-json\/wp\/v2\/tags?post=221237"}],"curies":[{"name":"wp","href":"https:\/\/api.w.org\/{rel}","templated":true}]}}