{"id":221183,"date":"2025-06-10T17:12:52","date_gmt":"2025-06-11T00:12:52","guid":{"rendered":"https:\/\/rnoticias.com.mx\/Portal\/?p=221183"},"modified":"2025-06-10T17:12:52","modified_gmt":"2025-06-11T00:12:52","slug":"cierran-empresas-con-mas-de-20-anos-en-cajeme-canaco","status":"publish","type":"post","link":"https:\/\/rnoticias.com.mx\/Portal\/2025\/06\/10\/cierran-empresas-con-mas-de-20-anos-en-cajeme-canaco\/","title":{"rendered":"Cierran empresas con m\u00e1s de 20 a\u00f1os en Cajeme: Canaco"},"content":{"rendered":"<p>Al menos dos empresas con larga trayectoria en Cajeme est\u00e1n por cerrar sus puertas debido a la crisis econ\u00f3mica que atraviesa la regi\u00f3n, inform\u00f3 Gustavo C\u00e1rdenas Garc\u00eda, presidente de la C\u00e1mara Nacional de Comercio (Canaco) en Cajeme.<\/p>\n<p>&nbsp;<\/p>\n<p>El empresario, detall\u00f3 que se trata de una tienda departamental con m\u00e1s de 20 a\u00f1os de operaci\u00f3n y una empresa agr\u00edcola con al menos 40 a\u00f1os en funciones, lo que dejar\u00e1 sin empleo a m\u00e1s de 50 personas.<\/p>\n<p>&nbsp;<\/p>\n<p><strong>\u201cTenemos que sentarnos todos a ver y buscar estrategias que vengan a detonar el crecimiento de Cajeme, no podemos estar a la expectativa toda la vida y esperando a que el gobierno en turno haga las cosas\u201d, dijo.<\/strong><\/p>\n<p>&nbsp;<\/p>\n<p>Finalmente, dio a conocer que en los \u00faltimos a\u00f1os en el primer cuadro de Ciudad Obreg\u00f3n ya han desaparecido un poco m\u00e1s de 150 negocios.<\/p>\n","protected":false},"excerpt":{"rendered":"<p>Al menos dos empresas con larga trayectoria en Cajeme est\u00e1n por cerrar sus puertas debido a la crisis econ\u00f3mica que atraviesa la regi\u00f3n, inform\u00f3 Gustavo C\u00e1rdenas Garc\u00eda, presidente de la C\u00e1mara Nacional de Comercio (Canaco) en Cajeme. &nbsp; El empresario, detall\u00f3 que se trata de una tienda departamental con m\u00e1s de 20 a\u00f1os de operaci\u00f3n [&hellip;]<\/p>\n","protected":false},"author":2,"featured_media":221184,"comment_status":"closed","ping_status":"closed","sticky":false,"template":"","format":"standard","meta":{"footnotes":""},"categories":[12870,174],"tags":[12865,12873],"class_list":["post-221183","post","type-post","status-publish","format-standard","has-post-thumbnail","hentry","category-destacadas","category-estatal","tag-destacadas","tag-estatal"],"jetpack_featured_media_url":"https:\/\/rnoticias.com.mx\/Portal\/wp-content\/uploads\/2025\/06\/negocios-cerrados-4-8c7b1efb.jpg","amp_enabled":true,"_links":{"self":[{"href":"https:\/\/rnoticias.com.mx\/Portal\/wp-json\/wp\/v2\/posts\/221183","targetHints":{"allow":["GET"]}}],"collection":[{"href":"https:\/\/rnoticias.com.mx\/Portal\/wp-json\/wp\/v2\/posts"}],"about":[{"href":"https:\/\/rnoticias.com.mx\/Portal\/wp-json\/wp\/v2\/types\/post"}],"author":[{"embeddable":true,"href":"https:\/\/rnoticias.com.mx\/Portal\/wp-json\/wp\/v2\/users\/2"}],"replies":[{"embeddable":true,"href":"https:\/\/rnoticias.com.mx\/Portal\/wp-json\/wp\/v2\/comments?post=221183"}],"version-history":[{"count":1,"href":"https:\/\/rnoticias.com.mx\/Portal\/wp-json\/wp\/v2\/posts\/221183\/revisions"}],"predecessor-version":[{"id":221185,"href":"https:\/\/rnoticias.com.mx\/Portal\/wp-json\/wp\/v2\/posts\/221183\/revisions\/221185"}],"wp:featuredmedia":[{"embeddable":true,"href":"https:\/\/rnoticias.com.mx\/Portal\/wp-json\/wp\/v2\/media\/221184"}],"wp:attachment":[{"href":"https:\/\/rnoticias.com.mx\/Portal\/wp-json\/wp\/v2\/media?parent=221183"}],"wp:term":[{"taxonomy":"category","embeddable":true,"href":"https:\/\/rnoticias.com.mx\/Portal\/wp-json\/wp\/v2\/categories?post=221183"},{"taxonomy":"post_tag","embeddable":true,"href":"https:\/\/rnoticias.com.mx\/Portal\/wp-json\/wp\/v2\/tags?post=221183"}],"curies":[{"name":"wp","href":"https:\/\/api.w.org\/{rel}","templated":true}]}}