{"id":221180,"date":"2025-06-10T17:11:54","date_gmt":"2025-06-11T00:11:54","guid":{"rendered":"https:\/\/rnoticias.com.mx\/Portal\/?p=221180"},"modified":"2025-06-10T17:11:54","modified_gmt":"2025-06-11T00:11:54","slug":"locatarios-del-mercado-1-pronto-abasteceran-puestos","status":"publish","type":"post","link":"https:\/\/rnoticias.com.mx\/Portal\/2025\/06\/10\/locatarios-del-mercado-1-pronto-abasteceran-puestos\/","title":{"rendered":"Locatarios del Mercado # 1 pronto abastecer\u00e1n puestos"},"content":{"rendered":"<p class=\"gmail-lo-normal\"><span class=\"gmail-msobooktitle\"><span style=\"font-size: 16.0pt;\">Antes de que concluya el actual mes de junio los locatarios de los diferentes puestos que hay en el remodelado Mercado Municipal n\u00famero 1, podr\u00edan ir surtiendo de nuevos sus espacios de mercanc\u00eda y de equipamiento.<\/span><\/span><\/p>\n<p class=\"gmail-lo-normal\"><span class=\"gmail-msobooktitle\"><span style=\"font-size: 16.0pt;\">\u00a0<\/span><\/span><\/p>\n<p class=\"gmail-lo-normal\"><span class=\"gmail-msobooktitle\"><span style=\"font-size: 16.0pt;\">Mar\u00eda Auxiliadora Ung Arroyo,\u00a0secretaria de la Uni\u00f3n de Locatarios del Mercado Municipal n\u00famero 1, se\u00f1al\u00f3 que actualmente est\u00e1n en tr\u00e1mites de instalaci\u00f3n del gas y electricidad que utilizar\u00e1n los puestos.<\/span><\/span><\/p>\n<p class=\"gmail-lo-normal\"><span class=\"gmail-msobooktitle\"><span style=\"font-size: 16.0pt;\">\u00a0<\/span><\/span><\/p>\n<p class=\"gmail-lo-normal\"><span class=\"gmail-msobooktitle\"><span style=\"font-size: 16.0pt;\">\u201cA\u00fan faltan detalles para ese retorno a los locales, son adecuaciones que cada negocio necesita seg\u00fan su giro comercial, y se est\u00e1 trabajando en la instalaci\u00f3n de gas. Tal vez la pr\u00f3xima o m\u00e1ximo antes de fin de este mes ya podamos empezar a llevar cosas a los locales\u201d, dijo.<\/span><\/span><\/p>\n<p class=\"gmail-lo-normal\"><span class=\"gmail-msobooktitle\"><span style=\"font-size: 16.0pt;\">\u00a0<\/span><\/span><\/p>\n<p class=\"gmail-lo-normal\"><span class=\"gmail-msobooktitle\"><span style=\"font-size: 16.0pt;\">Finalmente, Ung Arroyo, detall\u00f3 que hay confianza para que los 70 locales que forman parte de ese inmueble, puedan retomar labores con normalidad empezando el mes de julio. <\/span><\/span><\/p>\n<p class=\"gmail-lo-normal\"><span class=\"gmail-msobooktitle\"><span style=\"font-size: 16.0pt;\">\u00a0<\/span><\/span><\/p>\n<p class=\"gmail-lo-normal\"><span class=\"gmail-msobooktitle\"><span style=\"font-size: 16.0pt;\">\u00a0<\/span><\/span><\/p>\n","protected":false},"excerpt":{"rendered":"<p>Antes de que concluya el actual mes de junio los locatarios de los diferentes puestos que hay en el remodelado Mercado Municipal n\u00famero 1, podr\u00edan ir surtiendo de nuevos sus espacios de mercanc\u00eda y de equipamiento. \u00a0 Mar\u00eda Auxiliadora Ung Arroyo,\u00a0secretaria de la Uni\u00f3n de Locatarios del Mercado Municipal n\u00famero 1, se\u00f1al\u00f3 que actualmente est\u00e1n [&hellip;]<\/p>\n","protected":false},"author":2,"featured_media":221181,"comment_status":"closed","ping_status":"closed","sticky":false,"template":"","format":"standard","meta":{"footnotes":""},"categories":[12870,178],"tags":[12865,12869],"class_list":["post-221180","post","type-post","status-publish","format-standard","has-post-thumbnail","hentry","category-destacadas","category-local","tag-destacadas","tag-local"],"jetpack_featured_media_url":"https:\/\/rnoticias.com.mx\/Portal\/wp-content\/uploads\/2025\/06\/506026454_1142960004526340_2450184136401316584_n.jpg","amp_enabled":true,"_links":{"self":[{"href":"https:\/\/rnoticias.com.mx\/Portal\/wp-json\/wp\/v2\/posts\/221180","targetHints":{"allow":["GET"]}}],"collection":[{"href":"https:\/\/rnoticias.com.mx\/Portal\/wp-json\/wp\/v2\/posts"}],"about":[{"href":"https:\/\/rnoticias.com.mx\/Portal\/wp-json\/wp\/v2\/types\/post"}],"author":[{"embeddable":true,"href":"https:\/\/rnoticias.com.mx\/Portal\/wp-json\/wp\/v2\/users\/2"}],"replies":[{"embeddable":true,"href":"https:\/\/rnoticias.com.mx\/Portal\/wp-json\/wp\/v2\/comments?post=221180"}],"version-history":[{"count":1,"href":"https:\/\/rnoticias.com.mx\/Portal\/wp-json\/wp\/v2\/posts\/221180\/revisions"}],"predecessor-version":[{"id":221182,"href":"https:\/\/rnoticias.com.mx\/Portal\/wp-json\/wp\/v2\/posts\/221180\/revisions\/221182"}],"wp:featuredmedia":[{"embeddable":true,"href":"https:\/\/rnoticias.com.mx\/Portal\/wp-json\/wp\/v2\/media\/221181"}],"wp:attachment":[{"href":"https:\/\/rnoticias.com.mx\/Portal\/wp-json\/wp\/v2\/media?parent=221180"}],"wp:term":[{"taxonomy":"category","embeddable":true,"href":"https:\/\/rnoticias.com.mx\/Portal\/wp-json\/wp\/v2\/categories?post=221180"},{"taxonomy":"post_tag","embeddable":true,"href":"https:\/\/rnoticias.com.mx\/Portal\/wp-json\/wp\/v2\/tags?post=221180"}],"curies":[{"name":"wp","href":"https:\/\/api.w.org\/{rel}","templated":true}]}}