{"id":221177,"date":"2025-06-10T17:10:18","date_gmt":"2025-06-11T00:10:18","guid":{"rendered":"https:\/\/rnoticias.com.mx\/Portal\/?p=221177"},"modified":"2025-06-10T17:10:18","modified_gmt":"2025-06-11T00:10:18","slug":"gobierno-de-sonora-llama-a-la-poblacion-a-prevenir-los-incendios-forestales","status":"publish","type":"post","link":"https:\/\/rnoticias.com.mx\/Portal\/2025\/06\/10\/gobierno-de-sonora-llama-a-la-poblacion-a-prevenir-los-incendios-forestales\/","title":{"rendered":"Gobierno de Sonora llama a la poblaci\u00f3n a prevenir los incendios forestales"},"content":{"rendered":"<p>Hermosillo, Sonora; 10 de junio de 2025.- El Gobierno de Sonora, a trav\u00e9s de la Coordinaci\u00f3n Estatal de Protecci\u00f3n Civil (CEPC), hizo un llamado a la poblaci\u00f3n a mantener acciones preventivas que eviten la presencia de incendios forestales en la entidad.<\/p>\n<p>No tirar colillas de cigarro al costado de carreteras y caminos, no arrojar basura en entornos naturales \u2014especialmente botellas que pueden generar el efecto lupa\u2014 y evitar encender fogatas, son algunas de las principales recomendaciones para prevenir el inicio de estos siniestros.<\/p>\n<p>Armando Casta\u00f1eda S\u00e1nchez, coordinador estatal de Protecci\u00f3n Civil, destac\u00f3 el intenso trabajo realizado este a\u00f1o por brigadistas de la Comisi\u00f3n Nacional Forestal (Conafor), la Comisi\u00f3n Nacional de \u00c1reas Naturales Protegidas (Conanp), la Secretar\u00eda de la Defensa Nacional (Defensa), Guardia Nacional, la Brigada de Manejo de Fuego de Sagarhpa y Protecci\u00f3n Civil Sonora, as\u00ed como voluntarios y rancheros de las regiones afectadas.<\/p>\n<p>Este esfuerzo conjunto ha permitido atender 32 incendios forestales en el estado, cifra menor a la registrada en 2024, cuando se presentaron 47 siniestros. Actualmente, no hay incendios forestales activos en la entidad.<\/p>\n<p>Se espera que, a finales de este mes, el inicio de la temporada de lluvias contribuya a disminuir el riesgo de nuevos incendios; sin embargo, las autoridades exhortan a la ciudadan\u00eda a no bajar la guardia y mantener las medidas preventivas. En caso de detectar un incendio, se debe reportar de inmediato al n\u00famero de emergencias 9-1-1.<\/p>\n<p>El 90 por ciento de los incendios forestales son provocados por actividades humanas en entornos naturales. Por ello, la participaci\u00f3n responsable de todas y todos los sonorenses es fundamental para mantener a la baja la incidencia de estos eventos en el estado.<\/p>\n","protected":false},"excerpt":{"rendered":"<p>Hermosillo, Sonora; 10 de junio de 2025.- El Gobierno de Sonora, a trav\u00e9s de la Coordinaci\u00f3n Estatal de Protecci\u00f3n Civil (CEPC), hizo un llamado a la poblaci\u00f3n a mantener acciones preventivas que eviten la presencia de incendios forestales en la entidad. No tirar colillas de cigarro al costado de carreteras y caminos, no arrojar basura [&hellip;]<\/p>\n","protected":false},"author":2,"featured_media":221178,"comment_status":"closed","ping_status":"closed","sticky":false,"template":"","format":"standard","meta":{"footnotes":""},"categories":[178],"tags":[12869],"class_list":["post-221177","post","type-post","status-publish","format-standard","has-post-thumbnail","hentry","category-local","tag-local"],"jetpack_featured_media_url":"https:\/\/rnoticias.com.mx\/Portal\/wp-content\/uploads\/2025\/06\/unnamed-3-5.jpg","amp_enabled":true,"_links":{"self":[{"href":"https:\/\/rnoticias.com.mx\/Portal\/wp-json\/wp\/v2\/posts\/221177","targetHints":{"allow":["GET"]}}],"collection":[{"href":"https:\/\/rnoticias.com.mx\/Portal\/wp-json\/wp\/v2\/posts"}],"about":[{"href":"https:\/\/rnoticias.com.mx\/Portal\/wp-json\/wp\/v2\/types\/post"}],"author":[{"embeddable":true,"href":"https:\/\/rnoticias.com.mx\/Portal\/wp-json\/wp\/v2\/users\/2"}],"replies":[{"embeddable":true,"href":"https:\/\/rnoticias.com.mx\/Portal\/wp-json\/wp\/v2\/comments?post=221177"}],"version-history":[{"count":1,"href":"https:\/\/rnoticias.com.mx\/Portal\/wp-json\/wp\/v2\/posts\/221177\/revisions"}],"predecessor-version":[{"id":221179,"href":"https:\/\/rnoticias.com.mx\/Portal\/wp-json\/wp\/v2\/posts\/221177\/revisions\/221179"}],"wp:featuredmedia":[{"embeddable":true,"href":"https:\/\/rnoticias.com.mx\/Portal\/wp-json\/wp\/v2\/media\/221178"}],"wp:attachment":[{"href":"https:\/\/rnoticias.com.mx\/Portal\/wp-json\/wp\/v2\/media?parent=221177"}],"wp:term":[{"taxonomy":"category","embeddable":true,"href":"https:\/\/rnoticias.com.mx\/Portal\/wp-json\/wp\/v2\/categories?post=221177"},{"taxonomy":"post_tag","embeddable":true,"href":"https:\/\/rnoticias.com.mx\/Portal\/wp-json\/wp\/v2\/tags?post=221177"}],"curies":[{"name":"wp","href":"https:\/\/api.w.org\/{rel}","templated":true}]}}