{"id":221171,"date":"2025-06-10T17:08:58","date_gmt":"2025-06-11T00:08:58","guid":{"rendered":"https:\/\/rnoticias.com.mx\/Portal\/?p=221171"},"modified":"2025-06-10T17:08:58","modified_gmt":"2025-06-11T00:08:58","slug":"gobierno-de-sonora-promueve-la-inclusion-a-traves-del-curso-de-lengua-de-senas-mexicana","status":"publish","type":"post","link":"https:\/\/rnoticias.com.mx\/Portal\/2025\/06\/10\/gobierno-de-sonora-promueve-la-inclusion-a-traves-del-curso-de-lengua-de-senas-mexicana\/","title":{"rendered":"Gobierno de Sonora promueve la inclusi\u00f3n a trav\u00e9s del curso de Lengua de Se\u00f1as Mexicana"},"content":{"rendered":"<p align=\"left\">Hermosillo, Sonora; a 10 de junio de 2025.- En el marco del D\u00eda Nacional de la Lengua de Se\u00f1as Mexicana, el Gobierno de Sonora, a trav\u00e9s del Sistema DIF Sonora, promueve la inclusi\u00f3n mediante el curso de Lengua de Se\u00f1as Mexicana, refrendando as\u00ed su compromiso con el respeto a los derechos de las personas sordas y fomentando una comunicaci\u00f3n accesible para todas y todos.<\/p>\n<p align=\"left\">Actualmente, DIF Sonora imparte el curso en l\u00ednea de Lengua de Se\u00f1as Mexicana dirigido a servidoras y servidores p\u00fablicos, familias de personas sordas y a la comunidad en general. Esta capacitaci\u00f3n inici\u00f3 en febrero y concluir\u00e1 en noviembre, y tiene como objetivo fortalecer la comunicaci\u00f3n y comprensi\u00f3n de las necesidades de las personas con discapacidad auditiva.<\/p>\n<p align=\"left\">Bajo la visi\u00f3n del gobernador Alfonso Durazo Monta\u00f1o de construir un Sonora m\u00e1s igualitario, la directora general del Sistema DIF Sonora, Lizeth V\u00e1squez Ochoa, destac\u00f3 la importancia de impulsar una sociedad en la que todas las personas sean tomadas en cuenta.<\/p>\n<p align=\"left\">\u201cEl acceso a la comunicaci\u00f3n es un derecho humano, y por eso en DIF Sonora trabajamos para eliminar barreras. La Lengua de Se\u00f1as Mexicana es una herramienta poderosa para la inclusi\u00f3n\u201d, se\u00f1al\u00f3.<\/p>\n<p align=\"left\">Del a\u00f1o 2013 hasta la fecha, m\u00e1s de mil 200 personas han culminado exitosamente este curso, y alrededor de 328 m\u00e1s lo est\u00e1n tomando en la actualidad, lo que refleja el inter\u00e9s de la sociedad sonorense por construir entornos m\u00e1s emp\u00e1ticos e incluyentes.<\/p>\n","protected":false},"excerpt":{"rendered":"<p>Hermosillo, Sonora; a 10 de junio de 2025.- En el marco del D\u00eda Nacional de la Lengua de Se\u00f1as Mexicana, el Gobierno de Sonora, a trav\u00e9s del Sistema DIF Sonora, promueve la inclusi\u00f3n mediante el curso de Lengua de Se\u00f1as Mexicana, refrendando as\u00ed su compromiso con el respeto a los derechos de las personas sordas [&hellip;]<\/p>\n","protected":false},"author":2,"featured_media":221172,"comment_status":"closed","ping_status":"closed","sticky":false,"template":"","format":"standard","meta":{"footnotes":""},"categories":[178],"tags":[12869],"class_list":["post-221171","post","type-post","status-publish","format-standard","has-post-thumbnail","hentry","category-local","tag-local"],"jetpack_featured_media_url":"https:\/\/rnoticias.com.mx\/Portal\/wp-content\/uploads\/2025\/06\/unnamed-1-23.jpg","amp_enabled":true,"_links":{"self":[{"href":"https:\/\/rnoticias.com.mx\/Portal\/wp-json\/wp\/v2\/posts\/221171","targetHints":{"allow":["GET"]}}],"collection":[{"href":"https:\/\/rnoticias.com.mx\/Portal\/wp-json\/wp\/v2\/posts"}],"about":[{"href":"https:\/\/rnoticias.com.mx\/Portal\/wp-json\/wp\/v2\/types\/post"}],"author":[{"embeddable":true,"href":"https:\/\/rnoticias.com.mx\/Portal\/wp-json\/wp\/v2\/users\/2"}],"replies":[{"embeddable":true,"href":"https:\/\/rnoticias.com.mx\/Portal\/wp-json\/wp\/v2\/comments?post=221171"}],"version-history":[{"count":1,"href":"https:\/\/rnoticias.com.mx\/Portal\/wp-json\/wp\/v2\/posts\/221171\/revisions"}],"predecessor-version":[{"id":221173,"href":"https:\/\/rnoticias.com.mx\/Portal\/wp-json\/wp\/v2\/posts\/221171\/revisions\/221173"}],"wp:featuredmedia":[{"embeddable":true,"href":"https:\/\/rnoticias.com.mx\/Portal\/wp-json\/wp\/v2\/media\/221172"}],"wp:attachment":[{"href":"https:\/\/rnoticias.com.mx\/Portal\/wp-json\/wp\/v2\/media?parent=221171"}],"wp:term":[{"taxonomy":"category","embeddable":true,"href":"https:\/\/rnoticias.com.mx\/Portal\/wp-json\/wp\/v2\/categories?post=221171"},{"taxonomy":"post_tag","embeddable":true,"href":"https:\/\/rnoticias.com.mx\/Portal\/wp-json\/wp\/v2\/tags?post=221171"}],"curies":[{"name":"wp","href":"https:\/\/api.w.org\/{rel}","templated":true}]}}